{"id":13617,"date":"2021-09-01T14:17:51","date_gmt":"2021-09-01T12:17:51","guid":{"rendered":"https:\/\/www.airwell.com\/?p=13617"},"modified":"2021-09-14T14:48:42","modified_gmt":"2021-09-14T12:48:42","slug":"sengager-pour-la-transition-ecologique","status":"publish","type":"post","link":"https:\/\/www.airwell.com\/fr\/sengager-pour-la-transition-ecologique\/","title":{"rendered":"S\u2019engager pour la transition \u00e9cologique"},"content":{"rendered":"[vc_row type=\u00a0\u00bbin_container\u00a0\u00bb full_screen_row_position=\u00a0\u00bbmiddle\u00a0\u00bb column_margin=\u00a0\u00bbdefault\u00a0\u00bb column_direction=\u00a0\u00bbdefault\u00a0\u00bb column_direction_tablet=\u00a0\u00bbdefault\u00a0\u00bb column_direction_phone=\u00a0\u00bbdefault\u00a0\u00bb scene_position=\u00a0\u00bbcenter\u00a0\u00bb bottom_padding=\u00a0\u00bb20px\u00a0\u00bb text_color=\u00a0\u00bbdark\u00a0\u00bb text_align=\u00a0\u00bbleft\u00a0\u00bb row_border_radius=\u00a0\u00bbnone\u00a0\u00bb row_border_radius_applies=\u00a0\u00bbbg\u00a0\u00bb overlay_strength=\u00a0\u00bb0.3&Prime; gradient_direction=\u00a0\u00bbleft_to_right\u00a0\u00bb shape_divider_position=\u00a0\u00bbbottom\u00a0\u00bb bg_image_animation=\u00a0\u00bbnone\u00a0\u00bb shape_type=\u00a0\u00bb\u00a0\u00bb][vc_column column_padding=\u00a0\u00bbno-extra-padding\u00a0\u00bb column_padding_tablet=\u00a0\u00bbinherit\u00a0\u00bb column_padding_phone=\u00a0\u00bbinherit\u00a0\u00bb column_padding_position=\u00a0\u00bball\u00a0\u00bb background_color_opacity=\u00a0\u00bb1&Prime; background_hover_color_opacity=\u00a0\u00bb1&Prime; column_shadow=\u00a0\u00bbnone\u00a0\u00bb column_border_radius=\u00a0\u00bbnone\u00a0\u00bb column_link_target=\u00a0\u00bb_self\u00a0\u00bb gradient_direction=\u00a0\u00bbleft_to_right\u00a0\u00bb overlay_strength=\u00a0\u00bb0.3&Prime; width=\u00a0\u00bb1\/1&Prime; tablet_width_inherit=\u00a0\u00bbdefault\u00a0\u00bb tablet_text_alignment=\u00a0\u00bbdefault\u00a0\u00bb phone_text_alignment=\u00a0\u00bbdefault\u00a0\u00bb column_border_width=\u00a0\u00bbnone\u00a0\u00bb column_border_style=\u00a0\u00bbsolid\u00a0\u00bb bg_image_animation=\u00a0\u00bbnone\u00a0\u00bb][vc_column_text el_class=\u00a0\u00bbpost__intro-text\u00a0\u00bb]\u00catre engag\u00e9 pour la transition \u00e9cologique ou \u00e9nerg\u00e9tique, c\u2019est mettre la protection du climat et de la biodiversit\u00e9 au c\u0153ur de nos actions pour soutenir la mise en \u0153uvre des objectifs environnementaux visant \u00e0 neutraliser l&rsquo;impact de nos activit\u00e9s sur la plan\u00e8te d&rsquo;ici 2050. Les enjeux li\u00e9s \u00e0 notre environnement sont une pr\u00e9occupation majeure dans nos soci\u00e9t\u00e9s et concernent de nombreux sujets tels que le changement climatique, la r\u00e9duction de la biodiversit\u00e9, la diminution des ressources naturelles\u2026<\/p>\n<p>A l\u2019\u00e9chelle mondiale, la consommation d\u2019\u00e9nergie a doubl\u00e9 en 40 ans et tend \u00e0 doubler d\u2019ici 2050. De plus, la pollution atmosph\u00e9rique serait \u00e0 l\u2019origine de 1 d\u00e9c\u00e8s sur 5 dans le monde. La biodiversit\u00e9 est \u00e9galement en danger\u00a0: 20 \u00e0 30% des esp\u00e8ces animales et v\u00e9g\u00e9tales sont menac\u00e9es dans le monde.<\/p>\n<p>En France, la consommation des \u00e9nergies fossiles repr\u00e9sente 70% des \u00e9missions de gaz \u00e0 effet de serre dont 19% li\u00e9es au secteur r\u00e9sidentiel-tertiaire.[\/vc_column_text][\/vc_column][\/vc_row][vc_row type=\u00a0\u00bbin_container\u00a0\u00bb full_screen_row_position=\u00a0\u00bbmiddle\u00a0\u00bb column_margin=\u00a0\u00bbdefault\u00a0\u00bb column_direction=\u00a0\u00bbdefault\u00a0\u00bb column_direction_tablet=\u00a0\u00bbdefault\u00a0\u00bb column_direction_phone=\u00a0\u00bbdefault\u00a0\u00bb scene_position=\u00a0\u00bbcenter\u00a0\u00bb text_color=\u00a0\u00bbdark\u00a0\u00bb text_align=\u00a0\u00bbleft\u00a0\u00bb row_border_radius=\u00a0\u00bbnone\u00a0\u00bb row_border_radius_applies=\u00a0\u00bbbg\u00a0\u00bb overlay_strength=\u00a0\u00bb0.3&Prime; gradient_direction=\u00a0\u00bbleft_to_right\u00a0\u00bb shape_divider_position=\u00a0\u00bbbottom\u00a0\u00bb bg_image_animation=\u00a0\u00bbnone\u00a0\u00bb shape_type=\u00a0\u00bb\u00a0\u00bb][vc_column column_padding=\u00a0\u00bbno-extra-padding\u00a0\u00bb column_padding_tablet=\u00a0\u00bbinherit\u00a0\u00bb column_padding_phone=\u00a0\u00bbinherit\u00a0\u00bb column_padding_position=\u00a0\u00bball\u00a0\u00bb top_margin=\u00a0\u00bb20px\u00a0\u00bb background_color_opacity=\u00a0\u00bb1&Prime; background_hover_color_opacity=\u00a0\u00bb1&Prime; column_shadow=\u00a0\u00bbnone\u00a0\u00bb column_border_radius=\u00a0\u00bbnone\u00a0\u00bb column_link_target=\u00a0\u00bb_self\u00a0\u00bb gradient_direction=\u00a0\u00bbleft_to_right\u00a0\u00bb overlay_strength=\u00a0\u00bb0.3&Prime; width=\u00a0\u00bb1\/2&Prime; tablet_width_inherit=\u00a0\u00bbdefault\u00a0\u00bb tablet_text_alignment=\u00a0\u00bbdefault\u00a0\u00bb phone_text_alignment=\u00a0\u00bbdefault\u00a0\u00bb column_border_width=\u00a0\u00bbnone\u00a0\u00bb column_border_style=\u00a0\u00bbsolid\u00a0\u00bb bg_image_animation=\u00a0\u00bbnone\u00a0\u00bb][vc_column_text el_class=\u00a0\u00bbpost__intro-text\u00a0\u00bb]<strong>Qu\u2019est-ce que la transition \u00e9cologique\u00a0?<\/strong>[\/vc_column_text][divider line_type=\u00a0\u00bbSmall Line\u00a0\u00bb line_alignment=\u00a0\u00bbdefault\u00a0\u00bb line_thickness=\u00a0\u00bb3&Prime; divider_color=\u00a0\u00bbaccent-color\u00a0\u00bb custom_height=\u00a0\u00bb20&Prime;][vc_column_text]La\u00a0<strong>transition \u00e9cologique<\/strong> d\u00e9signe le passage d&rsquo;un syst\u00e8me \u00e9nerg\u00e9tique qui repose essentiellement sur l&rsquo;utilisation des\u00a0<strong>\u00e9nergies fossiles<\/strong>, \u00e9puisables et \u00e9mettrices de gaz \u00e0 effet de serre (que sont le p\u00e9trole, le charbon et le gaz), vers un bouquet \u00e9nerg\u00e9tique donnant la part belle aux\u00a0<strong>\u00e9nergies renouvelables<\/strong>\u00a0et \u00e0 l&rsquo;efficacit\u00e9 \u00e9nerg\u00e9tique.<\/p>\n<p>Parmi les principales\u00a0<strong>EnR<\/strong>, on trouve : l\u2019\u00e9nergie solaire, l\u2019\u00e9nergie \u00e9olienne, l\u2019\u00e9nergie g\u00e9othermique, l\u2019\u00e9nergie hydraulique&#8230;[\/vc_column_text][\/vc_column][vc_column column_padding=\u00a0\u00bbno-extra-padding\u00a0\u00bb column_padding_tablet=\u00a0\u00bbinherit\u00a0\u00bb column_padding_phone=\u00a0\u00bbinherit\u00a0\u00bb column_padding_position=\u00a0\u00bball\u00a0\u00bb top_margin=\u00a0\u00bb20px\u00a0\u00bb background_color_opacity=\u00a0\u00bb1&Prime; background_hover_color_opacity=\u00a0\u00bb1&Prime; column_shadow=\u00a0\u00bbnone\u00a0\u00bb column_border_radius=\u00a0\u00bbnone\u00a0\u00bb column_link_target=\u00a0\u00bb_self\u00a0\u00bb gradient_direction=\u00a0\u00bbleft_to_right\u00a0\u00bb overlay_strength=\u00a0\u00bb0.3&Prime; width=\u00a0\u00bb1\/2&Prime; tablet_width_inherit=\u00a0\u00bbdefault\u00a0\u00bb tablet_text_alignment=\u00a0\u00bbdefault\u00a0\u00bb phone_text_alignment=\u00a0\u00bbdefault\u00a0\u00bb column_border_width=\u00a0\u00bbnone\u00a0\u00bb column_border_style=\u00a0\u00bbsolid\u00a0\u00bb bg_image_animation=\u00a0\u00bbnone\u00a0\u00bb][image_with_animation image_url=\u00a0\u00bb13654&Prime; animation=\u00a0\u00bbFade In\u00a0\u00bb hover_animation=\u00a0\u00bbnone\u00a0\u00bb alignment=\u00a0\u00bb\u00a0\u00bb border_radius=\u00a0\u00bbnone\u00a0\u00bb box_shadow=\u00a0\u00bbnone\u00a0\u00bb image_loading=\u00a0\u00bbdefault\u00a0\u00bb max_width=\u00a0\u00bb100%\u00a0\u00bb max_width_mobile=\u00a0\u00bbdefault\u00a0\u00bb][\/vc_column][\/vc_row][vc_row type=\u00a0\u00bbin_container\u00a0\u00bb full_screen_row_position=\u00a0\u00bbmiddle\u00a0\u00bb column_margin=\u00a0\u00bbdefault\u00a0\u00bb column_direction=\u00a0\u00bbdefault\u00a0\u00bb column_direction_tablet=\u00a0\u00bbdefault\u00a0\u00bb column_direction_phone=\u00a0\u00bbdefault\u00a0\u00bb scene_position=\u00a0\u00bbcenter\u00a0\u00bb text_color=\u00a0\u00bbdark\u00a0\u00bb text_align=\u00a0\u00bbleft\u00a0\u00bb row_border_radius=\u00a0\u00bbnone\u00a0\u00bb row_border_radius_applies=\u00a0\u00bbbg\u00a0\u00bb overlay_strength=\u00a0\u00bb0.3&Prime; gradient_direction=\u00a0\u00bbleft_to_right\u00a0\u00bb shape_divider_position=\u00a0\u00bbbottom\u00a0\u00bb bg_image_animation=\u00a0\u00bbnone\u00a0\u00bb shape_type=\u00a0\u00bb\u00a0\u00bb][vc_column column_padding=\u00a0\u00bbno-extra-padding\u00a0\u00bb column_padding_tablet=\u00a0\u00bbinherit\u00a0\u00bb column_padding_phone=\u00a0\u00bbinherit\u00a0\u00bb column_padding_position=\u00a0\u00bball\u00a0\u00bb top_margin=\u00a0\u00bb20px\u00a0\u00bb background_color_opacity=\u00a0\u00bb1&Prime; background_hover_color_opacity=\u00a0\u00bb1&Prime; column_shadow=\u00a0\u00bbnone\u00a0\u00bb column_border_radius=\u00a0\u00bbnone\u00a0\u00bb column_link_target=\u00a0\u00bb_self\u00a0\u00bb gradient_direction=\u00a0\u00bbleft_to_right\u00a0\u00bb overlay_strength=\u00a0\u00bb0.3&Prime; width=\u00a0\u00bb1\/2&Prime; tablet_width_inherit=\u00a0\u00bbdefault\u00a0\u00bb tablet_text_alignment=\u00a0\u00bbdefault\u00a0\u00bb phone_text_alignment=\u00a0\u00bbdefault\u00a0\u00bb column_border_width=\u00a0\u00bbnone\u00a0\u00bb column_border_style=\u00a0\u00bbsolid\u00a0\u00bb bg_image_animation=\u00a0\u00bbnone\u00a0\u00bb][image_with_animation image_url=\u00a0\u00bb13658&Prime; animation=\u00a0\u00bbFade In\u00a0\u00bb hover_animation=\u00a0\u00bbnone\u00a0\u00bb alignment=\u00a0\u00bb\u00a0\u00bb border_radius=\u00a0\u00bbnone\u00a0\u00bb box_shadow=\u00a0\u00bbnone\u00a0\u00bb image_loading=\u00a0\u00bbdefault\u00a0\u00bb max_width=\u00a0\u00bb100%\u00a0\u00bb max_width_mobile=\u00a0\u00bbdefault\u00a0\u00bb][\/vc_column][vc_column column_padding=\u00a0\u00bbpadding-2-percent\u00a0\u00bb column_padding_tablet=\u00a0\u00bbinherit\u00a0\u00bb column_padding_phone=\u00a0\u00bbinherit\u00a0\u00bb column_padding_position=\u00a0\u00bball\u00a0\u00bb background_color_opacity=\u00a0\u00bb1&Prime; background_hover_color_opacity=\u00a0\u00bb1&Prime; column_shadow=\u00a0\u00bbnone\u00a0\u00bb column_border_radius=\u00a0\u00bbnone\u00a0\u00bb column_link_target=\u00a0\u00bb_self\u00a0\u00bb gradient_direction=\u00a0\u00bbleft_to_right\u00a0\u00bb overlay_strength=\u00a0\u00bb0.3&Prime; width=\u00a0\u00bb1\/2&Prime; tablet_width_inherit=\u00a0\u00bbdefault\u00a0\u00bb tablet_text_alignment=\u00a0\u00bbdefault\u00a0\u00bb phone_text_alignment=\u00a0\u00bbdefault\u00a0\u00bb column_border_width=\u00a0\u00bbnone\u00a0\u00bb column_border_style=\u00a0\u00bbsolid\u00a0\u00bb bg_image_animation=\u00a0\u00bbnone\u00a0\u00bb][vc_column_text el_class=\u00a0\u00bbpost__intro-text\u00a0\u00bb]<strong>Comment agir\u00a0?<\/strong>[\/vc_column_text][divider line_type=\u00a0\u00bbSmall Line\u00a0\u00bb line_alignment=\u00a0\u00bbdefault\u00a0\u00bb line_thickness=\u00a0\u00bb3&Prime; divider_color=\u00a0\u00bbaccent-color\u00a0\u00bb custom_height=\u00a0\u00bb40&Prime;][vc_column_text]La transition \u00e9nerg\u00e9tique vise \u00e0 repenser la consommation d\u2019\u00e9nergie individuellement et collectivement de la production \u00e0 la consommation.<\/p>\n<p>En effet, elle commence par la r\u00e9duction de la consommation d\u2019\u00e9nergie ainsi que par l\u2019augmentation de l\u2019utilisation des \u00e9nergies renouvelables.<\/p>\n<p>Le but est d\u2019atteindre un mode de consommation \u00e9nerg\u00e9tique soucieux de l\u2019environnement en minimisant les ressources finies et limit\u00e9es.[\/vc_column_text][\/vc_column][\/vc_row][vc_row type=\u00a0\u00bbin_container\u00a0\u00bb full_screen_row_position=\u00a0\u00bbmiddle\u00a0\u00bb column_margin=\u00a0\u00bbdefault\u00a0\u00bb column_direction=\u00a0\u00bbdefault\u00a0\u00bb column_direction_tablet=\u00a0\u00bbdefault\u00a0\u00bb column_direction_phone=\u00a0\u00bbdefault\u00a0\u00bb scene_position=\u00a0\u00bbcenter\u00a0\u00bb text_color=\u00a0\u00bbdark\u00a0\u00bb text_align=\u00a0\u00bbleft\u00a0\u00bb row_border_radius=\u00a0\u00bbnone\u00a0\u00bb row_border_radius_applies=\u00a0\u00bbbg\u00a0\u00bb overlay_strength=\u00a0\u00bb0.3&Prime; gradient_direction=\u00a0\u00bbleft_to_right\u00a0\u00bb shape_divider_position=\u00a0\u00bbbottom\u00a0\u00bb bg_image_animation=\u00a0\u00bbnone\u00a0\u00bb shape_type=\u00a0\u00bb\u00a0\u00bb][vc_column column_padding=\u00a0\u00bbpadding-2-percent\u00a0\u00bb column_padding_tablet=\u00a0\u00bbinherit\u00a0\u00bb column_padding_phone=\u00a0\u00bbinherit\u00a0\u00bb column_padding_position=\u00a0\u00bball\u00a0\u00bb background_color_opacity=\u00a0\u00bb1&Prime; background_hover_color_opacity=\u00a0\u00bb1&Prime; column_shadow=\u00a0\u00bbnone\u00a0\u00bb column_border_radius=\u00a0\u00bbnone\u00a0\u00bb column_link_target=\u00a0\u00bb_self\u00a0\u00bb gradient_direction=\u00a0\u00bbleft_to_right\u00a0\u00bb overlay_strength=\u00a0\u00bb0.3&Prime; width=\u00a0\u00bb1\/2&Prime; tablet_width_inherit=\u00a0\u00bbdefault\u00a0\u00bb tablet_text_alignment=\u00a0\u00bbdefault\u00a0\u00bb phone_text_alignment=\u00a0\u00bbdefault\u00a0\u00bb column_border_width=\u00a0\u00bbnone\u00a0\u00bb column_border_style=\u00a0\u00bbsolid\u00a0\u00bb bg_image_animation=\u00a0\u00bbnone\u00a0\u00bb][vc_column_text]\n<h5><strong>Opter pour les \u00e9nergies renouvelables<\/strong><\/h5>\n<p>Il est important de privil\u00e9gier le d\u00e9veloppement des \u00e9nergies renouvelables pour diminuer les \u00e9missions de gaz \u00e0 effet de serre. Aujourd&rsquo;hui, l&rsquo;\u00e9nergie solaire est une ressource renouvelable disponible partout sur la plan\u00e8te et peut \u00eatre facilement mise en \u0153uvre \u00e0 petite \u00e9chelle pour un co\u00fbt raisonnable.<\/p>\n<h5><strong>Penser aux transports propres<\/strong><\/h5>\n<p>A petite \u00e9chelle,\u00a0 il est n\u00e9cessaire de privil\u00e9gier des modes de transports durables comme le train, les transports en commun, le v\u00e9lo\u2026 Ceci permettra de r\u00e9duire votre niveau de pollution.<\/p>\n<p>&nbsp;[\/vc_column_text][\/vc_column][vc_column column_padding=\u00a0\u00bbno-extra-padding\u00a0\u00bb column_padding_tablet=\u00a0\u00bbinherit\u00a0\u00bb column_padding_phone=\u00a0\u00bbinherit\u00a0\u00bb column_padding_position=\u00a0\u00bball\u00a0\u00bb top_margin=\u00a0\u00bb20px\u00a0\u00bb background_color_opacity=\u00a0\u00bb1&Prime; background_hover_color_opacity=\u00a0\u00bb1&Prime; column_shadow=\u00a0\u00bbnone\u00a0\u00bb column_border_radius=\u00a0\u00bbnone\u00a0\u00bb column_link_target=\u00a0\u00bb_self\u00a0\u00bb gradient_direction=\u00a0\u00bbleft_to_right\u00a0\u00bb overlay_strength=\u00a0\u00bb0.3&Prime; width=\u00a0\u00bb1\/2&Prime; tablet_width_inherit=\u00a0\u00bbdefault\u00a0\u00bb tablet_text_alignment=\u00a0\u00bbdefault\u00a0\u00bb phone_text_alignment=\u00a0\u00bbdefault\u00a0\u00bb column_border_width=\u00a0\u00bbnone\u00a0\u00bb column_border_style=\u00a0\u00bbsolid\u00a0\u00bb bg_image_animation=\u00a0\u00bbnone\u00a0\u00bb][image_with_animation image_url=\u00a0\u00bb13649&Prime; animation=\u00a0\u00bbFade In\u00a0\u00bb hover_animation=\u00a0\u00bbnone\u00a0\u00bb alignment=\u00a0\u00bb\u00a0\u00bb border_radius=\u00a0\u00bbnone\u00a0\u00bb box_shadow=\u00a0\u00bbnone\u00a0\u00bb image_loading=\u00a0\u00bbdefault\u00a0\u00bb max_width=\u00a0\u00bb100%\u00a0\u00bb max_width_mobile=\u00a0\u00bbdefault\u00a0\u00bb][\/vc_column][\/vc_row][vc_row type=\u00a0\u00bbin_container\u00a0\u00bb full_screen_row_position=\u00a0\u00bbmiddle\u00a0\u00bb column_margin=\u00a0\u00bbdefault\u00a0\u00bb column_direction=\u00a0\u00bbdefault\u00a0\u00bb column_direction_tablet=\u00a0\u00bbdefault\u00a0\u00bb column_direction_phone=\u00a0\u00bbdefault\u00a0\u00bb scene_position=\u00a0\u00bbcenter\u00a0\u00bb text_color=\u00a0\u00bbdark\u00a0\u00bb text_align=\u00a0\u00bbleft\u00a0\u00bb row_border_radius=\u00a0\u00bbnone\u00a0\u00bb row_border_radius_applies=\u00a0\u00bbbg\u00a0\u00bb overlay_strength=\u00a0\u00bb0.3&Prime; gradient_direction=\u00a0\u00bbleft_to_right\u00a0\u00bb shape_divider_position=\u00a0\u00bbbottom\u00a0\u00bb bg_image_animation=\u00a0\u00bbnone\u00a0\u00bb][vc_column column_padding=\u00a0\u00bbno-extra-padding\u00a0\u00bb column_padding_tablet=\u00a0\u00bbinherit\u00a0\u00bb column_padding_phone=\u00a0\u00bbinherit\u00a0\u00bb column_padding_position=\u00a0\u00bball\u00a0\u00bb background_color_opacity=\u00a0\u00bb1&Prime; background_hover_color_opacity=\u00a0\u00bb1&Prime; column_shadow=\u00a0\u00bbnone\u00a0\u00bb column_border_radius=\u00a0\u00bbnone\u00a0\u00bb column_link_target=\u00a0\u00bb_self\u00a0\u00bb gradient_direction=\u00a0\u00bbleft_to_right\u00a0\u00bb overlay_strength=\u00a0\u00bb0.3&Prime; width=\u00a0\u00bb1\/1&Prime; tablet_width_inherit=\u00a0\u00bbdefault\u00a0\u00bb tablet_text_alignment=\u00a0\u00bbdefault\u00a0\u00bb phone_text_alignment=\u00a0\u00bbdefault\u00a0\u00bb column_border_width=\u00a0\u00bbnone\u00a0\u00bb column_border_style=\u00a0\u00bbsolid\u00a0\u00bb bg_image_animation=\u00a0\u00bbnone\u00a0\u00bb][vc_column_text]\n<h5><strong>Adopter les mod\u00e8les agricoles durables<\/strong><\/h5>\n<p>Le syst\u00e8me agricole a des r\u00e9percussions n\u00e9gatives sur l\u2019environnement. Il est pr\u00e9f\u00e9rable de privil\u00e9gier l\u2019agriculture biologique et agro\u00e9cologie qui favorise la pr\u00e9servation des ressources naturelles.[\/vc_column_text][\/vc_column][\/vc_row][vc_row type=\u00a0\u00bbin_container\u00a0\u00bb full_screen_row_position=\u00a0\u00bbmiddle\u00a0\u00bb column_margin=\u00a0\u00bbdefault\u00a0\u00bb column_direction=\u00a0\u00bbdefault\u00a0\u00bb column_direction_tablet=\u00a0\u00bbdefault\u00a0\u00bb column_direction_phone=\u00a0\u00bbdefault\u00a0\u00bb scene_position=\u00a0\u00bbcenter\u00a0\u00bb text_color=\u00a0\u00bbdark\u00a0\u00bb text_align=\u00a0\u00bbleft\u00a0\u00bb row_border_radius=\u00a0\u00bbnone\u00a0\u00bb row_border_radius_applies=\u00a0\u00bbbg\u00a0\u00bb overlay_strength=\u00a0\u00bb0.3&Prime; gradient_direction=\u00a0\u00bbleft_to_right\u00a0\u00bb shape_divider_position=\u00a0\u00bbbottom\u00a0\u00bb bg_image_animation=\u00a0\u00bbnone\u00a0\u00bb shape_type=\u00a0\u00bb\u00a0\u00bb][vc_column column_padding=\u00a0\u00bbno-extra-padding\u00a0\u00bb column_padding_tablet=\u00a0\u00bbinherit\u00a0\u00bb column_padding_phone=\u00a0\u00bbinherit\u00a0\u00bb column_padding_position=\u00a0\u00bball\u00a0\u00bb top_margin=\u00a0\u00bb20px\u00a0\u00bb background_color_opacity=\u00a0\u00bb1&Prime; background_hover_color_opacity=\u00a0\u00bb1&Prime; column_shadow=\u00a0\u00bbnone\u00a0\u00bb column_border_radius=\u00a0\u00bbnone\u00a0\u00bb column_link_target=\u00a0\u00bb_self\u00a0\u00bb gradient_direction=\u00a0\u00bbleft_to_right\u00a0\u00bb overlay_strength=\u00a0\u00bb0.3&Prime; width=\u00a0\u00bb1\/2&Prime; tablet_width_inherit=\u00a0\u00bbdefault\u00a0\u00bb tablet_text_alignment=\u00a0\u00bbdefault\u00a0\u00bb phone_text_alignment=\u00a0\u00bbdefault\u00a0\u00bb column_border_width=\u00a0\u00bbnone\u00a0\u00bb column_border_style=\u00a0\u00bbsolid\u00a0\u00bb bg_image_animation=\u00a0\u00bbnone\u00a0\u00bb][image_with_animation image_url=\u00a0\u00bb13666&Prime; animation=\u00a0\u00bbFade In\u00a0\u00bb hover_animation=\u00a0\u00bbnone\u00a0\u00bb alignment=\u00a0\u00bb\u00a0\u00bb border_radius=\u00a0\u00bbnone\u00a0\u00bb box_shadow=\u00a0\u00bbnone\u00a0\u00bb image_loading=\u00a0\u00bbdefault\u00a0\u00bb max_width=\u00a0\u00bb100%\u00a0\u00bb max_width_mobile=\u00a0\u00bbdefault\u00a0\u00bb][\/vc_column][vc_column column_padding=\u00a0\u00bbpadding-2-percent\u00a0\u00bb column_padding_tablet=\u00a0\u00bbinherit\u00a0\u00bb column_padding_phone=\u00a0\u00bbinherit\u00a0\u00bb column_padding_position=\u00a0\u00bball\u00a0\u00bb background_color_opacity=\u00a0\u00bb1&Prime; background_hover_color_opacity=\u00a0\u00bb1&Prime; column_shadow=\u00a0\u00bbnone\u00a0\u00bb column_border_radius=\u00a0\u00bbnone\u00a0\u00bb column_link_target=\u00a0\u00bb_self\u00a0\u00bb gradient_direction=\u00a0\u00bbleft_to_right\u00a0\u00bb overlay_strength=\u00a0\u00bb0.3&Prime; width=\u00a0\u00bb1\/2&Prime; tablet_width_inherit=\u00a0\u00bbdefault\u00a0\u00bb tablet_text_alignment=\u00a0\u00bbdefault\u00a0\u00bb phone_text_alignment=\u00a0\u00bbdefault\u00a0\u00bb column_border_width=\u00a0\u00bbnone\u00a0\u00bb column_border_style=\u00a0\u00bbsolid\u00a0\u00bb bg_image_animation=\u00a0\u00bbnone\u00a0\u00bb][vc_column_text]\n<h5><strong>Participer \u00e0 la r\u00e9novation \u00e9nerg\u00e9tique des foyers<\/strong><\/h5>\n<p>La transition \u00e9cologique passe \u00e9galement par la r\u00e9novation de votre logement. Cela passe par l\u2019\u00e9valuation thermique de votre logement ainsi qu\u2019un investissement dans un syst\u00e8me durable et soucieux de l\u2019environnement tel que les pompes \u00e0 chaleur.\u00a0De nombreuses aides existent pour vous aider \u00e0 r\u00e9pondre \u00e0 vos besoins.<\/p>\n<p>Optimiser l&rsquo;isolation de votre logement est essentiel pour r\u00e9duire drastiquement votre consommation d&rsquo;\u00e9nergie pour le chauffage.<br \/>\nAdopter un nouveau syst\u00e8me de climatisation et de chauffage vous permettra \u00e9galement de faire des \u00e9conomies tout au long de l&rsquo;ann\u00e9e gr\u00e2ce \u00e0 son efficacit\u00e9 \u00e9nerg\u00e9tique performante.[\/vc_column_text][nectar_cta btn_style=\u00a0\u00bbsee-through\u00a0\u00bb heading_tag=\u00a0\u00bbh6&Prime; text_color=\u00a0\u00bb#1e73be\u00a0\u00bb button_color=\u00a0\u00bbdefault\u00a0\u00bb button_color_hover=\u00a0\u00bb#1e73be\u00a0\u00bb link_type=\u00a0\u00bbregular\u00a0\u00bb alignment=\u00a0\u00bbleft\u00a0\u00bb display=\u00a0\u00bbblock\u00a0\u00bb text=\u00a0\u00bbPour en savoir plus\u00a0\u00bb url=\u00a0\u00bb\/comment-realiser-des-economies-avec-sa-climatisation\u00a0\u00bb][\/vc_column][\/vc_row][vc_row type=\u00a0\u00bbin_container\u00a0\u00bb full_screen_row_position=\u00a0\u00bbmiddle\u00a0\u00bb column_margin=\u00a0\u00bbdefault\u00a0\u00bb column_direction=\u00a0\u00bbdefault\u00a0\u00bb column_direction_tablet=\u00a0\u00bbdefault\u00a0\u00bb column_direction_phone=\u00a0\u00bbdefault\u00a0\u00bb scene_position=\u00a0\u00bbcenter\u00a0\u00bb text_color=\u00a0\u00bbdark\u00a0\u00bb text_align=\u00a0\u00bbleft\u00a0\u00bb row_border_radius=\u00a0\u00bbnone\u00a0\u00bb row_border_radius_applies=\u00a0\u00bbbg\u00a0\u00bb overlay_strength=\u00a0\u00bb0.3&Prime; gradient_direction=\u00a0\u00bbleft_to_right\u00a0\u00bb shape_divider_position=\u00a0\u00bbbottom\u00a0\u00bb bg_image_animation=\u00a0\u00bbnone\u00a0\u00bb shape_type=\u00a0\u00bb\u00a0\u00bb][vc_column column_padding=\u00a0\u00bbno-extra-padding\u00a0\u00bb column_padding_tablet=\u00a0\u00bbinherit\u00a0\u00bb column_padding_phone=\u00a0\u00bbinherit\u00a0\u00bb column_padding_position=\u00a0\u00bball\u00a0\u00bb top_margin=\u00a0\u00bb20px\u00a0\u00bb background_color_opacity=\u00a0\u00bb1&Prime; background_hover_color_opacity=\u00a0\u00bb1&Prime; column_shadow=\u00a0\u00bbnone\u00a0\u00bb column_border_radius=\u00a0\u00bbnone\u00a0\u00bb column_link_target=\u00a0\u00bb_self\u00a0\u00bb gradient_direction=\u00a0\u00bbleft_to_right\u00a0\u00bb overlay_strength=\u00a0\u00bb0.3&Prime; width=\u00a0\u00bb1\/2&Prime; tablet_width_inherit=\u00a0\u00bbdefault\u00a0\u00bb tablet_text_alignment=\u00a0\u00bbdefault\u00a0\u00bb phone_text_alignment=\u00a0\u00bbdefault\u00a0\u00bb column_border_width=\u00a0\u00bbnone\u00a0\u00bb column_border_style=\u00a0\u00bbsolid\u00a0\u00bb bg_image_animation=\u00a0\u00bbnone\u00a0\u00bb][vc_column_text el_class=\u00a0\u00bbpost__intro-text\u00a0\u00bb]<strong>Nos solutions adapt\u00e9es\u00a0<\/strong>[\/vc_column_text][divider line_type=\u00a0\u00bbSmall Line\u00a0\u00bb line_alignment=\u00a0\u00bbdefault\u00a0\u00bb line_thickness=\u00a0\u00bb3&Prime; divider_color=\u00a0\u00bbaccent-color\u00a0\u00bb custom_height=\u00a0\u00bb20&Prime;][vc_column_text]Airwell d\u00e9veloppe des produits qui r\u00e9pondent \u00e0 vos besoins tout en contribuant au respect de l\u2019environnement. En effet, les pompes \u00e0 chaleur sont une bonne alternative \u00e0 des modes de chauffage plus polluants comme les chaudi\u00e8res au fuel qui seront interdites \u00e0 partir de Janvier 2022 en France (nouvelle installation).<\/p>\n<p>Airwell s\u2019engage dans la transition \u00e9nerg\u00e9tique en proposant une nouvelle offre connect\u00e9e int\u00e9grant des panneaux solaires.[\/vc_column_text][nectar_cta btn_style=\u00a0\u00bbsee-through\u00a0\u00bb heading_tag=\u00a0\u00bbh6&Prime; text_color=\u00a0\u00bb#1e73be\u00a0\u00bb button_color=\u00a0\u00bbdefault\u00a0\u00bb button_color_hover=\u00a0\u00bb#1e73be\u00a0\u00bb link_type=\u00a0\u00bbregular\u00a0\u00bb alignment=\u00a0\u00bbleft\u00a0\u00bb display=\u00a0\u00bbblock\u00a0\u00bb text=\u00a0\u00bbPour en savoir plus\u00a0\u00bb url=\u00a0\u00bb\/solutions-maison-hybride\u00a0\u00bb][\/vc_column][vc_column column_padding=\u00a0\u00bbno-extra-padding\u00a0\u00bb column_padding_tablet=\u00a0\u00bbinherit\u00a0\u00bb column_padding_phone=\u00a0\u00bbinherit\u00a0\u00bb column_padding_position=\u00a0\u00bball\u00a0\u00bb top_margin=\u00a0\u00bb20px\u00a0\u00bb background_color_opacity=\u00a0\u00bb1&Prime; background_hover_color_opacity=\u00a0\u00bb1&Prime; column_shadow=\u00a0\u00bbnone\u00a0\u00bb column_border_radius=\u00a0\u00bbnone\u00a0\u00bb column_link_target=\u00a0\u00bb_self\u00a0\u00bb gradient_direction=\u00a0\u00bbleft_to_right\u00a0\u00bb overlay_strength=\u00a0\u00bb0.3&Prime; width=\u00a0\u00bb1\/2&Prime; tablet_width_inherit=\u00a0\u00bbdefault\u00a0\u00bb tablet_text_alignment=\u00a0\u00bbdefault\u00a0\u00bb phone_text_alignment=\u00a0\u00bbdefault\u00a0\u00bb column_border_width=\u00a0\u00bbnone\u00a0\u00bb column_border_style=\u00a0\u00bbsolid\u00a0\u00bb bg_image_animation=\u00a0\u00bbnone\u00a0\u00bb][image_with_animation image_url=\u00a0\u00bb13641&Prime; animation=\u00a0\u00bbFade In\u00a0\u00bb hover_animation=\u00a0\u00bbnone\u00a0\u00bb alignment=\u00a0\u00bb\u00a0\u00bb border_radius=\u00a0\u00bbnone\u00a0\u00bb box_shadow=\u00a0\u00bbnone\u00a0\u00bb image_loading=\u00a0\u00bbdefault\u00a0\u00bb max_width=\u00a0\u00bb100%\u00a0\u00bb max_width_mobile=\u00a0\u00bbdefault\u00a0\u00bb][\/vc_column][\/vc_row]\n","protected":false},"excerpt":{"rendered":"<p>Elle vise \u00e0 repenser la consommation d\u2019\u00e9nergie de la production \u00e0 la consommation. D\u00e9couvrez comment agir et les enjeux li\u00e9s \u00e0 cette transition.<\/p>\n","protected":false},"author":10,"featured_media":13715,"comment_status":"open","ping_status":"open","sticky":false,"template":"","format":"standard","meta":{"inline_featured_image":false,"footnotes":""},"categories":[24],"tags":[],"class_list":["post-13617","post","type-post","status-publish","format-standard","has-post-thumbnail","category-equipement"],"aioseo_notices":[],"aioseo_head":"\n\t\t<!-- All in One SEO 5.0.1.1 - aioseo.com -->\n\t<meta name=\"description\" content=\"Elle vise \u00e0 repenser la consommation d\u2019\u00e9nergie de la production \u00e0 la consommation. D\u00e9couvrez comment agir et les enjeux li\u00e9s \u00e0 cette transition.\" \/>\n\t<meta name=\"robots\" content=\"max-image-preview:large\" \/>\n\t<meta name=\"author\" content=\"Ceren Aiydin\"\/>\n\t<link rel=\"canonical\" href=\"https:\/\/www.airwell.com\/fr\/sengager-pour-la-transition-ecologique\/\" \/>\n\t<meta name=\"generator\" content=\"All in One SEO (AIOSEO) 5.0.1.1\" \/>\n\t\t<meta property=\"og:locale\" content=\"fr_FR\" \/>\n\t\t<meta property=\"og:site_name\" content=\"Airwell - Solutions de Climatisation et Chauffage\" \/>\n\t\t<meta property=\"og:type\" content=\"article\" \/>\n\t\t<meta property=\"og:title\" content=\"S\u2019engager pour la transition \u00e9cologique - Airwell\" \/>\n\t\t<meta property=\"og:description\" content=\"Elle vise \u00e0 repenser la consommation d\u2019\u00e9nergie de la production \u00e0 la consommation. D\u00e9couvrez comment agir et les enjeux li\u00e9s \u00e0 cette transition.\" \/>\n\t\t<meta property=\"og:url\" content=\"https:\/\/www.airwell.com\/fr\/sengager-pour-la-transition-ecologique\/\" \/>\n\t\t<meta property=\"og:image\" content=\"https:\/\/www.airwell.com\/wp-content\/uploads\/2021\/09\/AdobeStock_56013523-ConvertImage.jpg\" \/>\n\t\t<meta property=\"og:image:secure_url\" content=\"https:\/\/www.airwell.com\/wp-content\/uploads\/2021\/09\/AdobeStock_56013523-ConvertImage.jpg\" \/>\n\t\t<meta property=\"og:image:width\" content=\"1080\" \/>\n\t\t<meta property=\"og:image:height\" content=\"720\" \/>\n\t\t<meta property=\"article:published_time\" content=\"2021-09-01T12:17:51+00:00\" \/>\n\t\t<meta property=\"article:modified_time\" content=\"2021-09-14T12:48:42+00:00\" \/>\n\t\t<meta name=\"twitter:card\" content=\"summary\" \/>\n\t\t<meta name=\"twitter:title\" content=\"S\u2019engager pour la transition \u00e9cologique - Airwell\" \/>\n\t\t<meta name=\"twitter:description\" content=\"Elle vise \u00e0 repenser la consommation d\u2019\u00e9nergie de la production \u00e0 la consommation. D\u00e9couvrez comment agir et les enjeux li\u00e9s \u00e0 cette transition.\" \/>\n\t\t<meta name=\"twitter:image\" content=\"https:\/\/www.airwell.com\/wp-content\/uploads\/2021\/09\/AdobeStock_56013523-ConvertImage.jpg\" \/>\n\t\t<script type=\"application\/ld+json\" class=\"aioseo-schema\">\n\t\t\t{\"@context\":\"https:\\\/\\\/schema.org\",\"@graph\":[{\"@type\":\"BlogPosting\",\"@id\":\"https:\\\/\\\/www.airwell.com\\\/fr\\\/sengager-pour-la-transition-ecologique\\\/#blogposting\",\"name\":\"S\\u2019engager pour la transition \\u00e9cologique - Airwell\",\"headline\":\"S\\u2019engager pour la transition \\u00e9cologique\",\"author\":{\"@id\":\"https:\\\/\\\/www.airwell.com\\\/fr\\\/author\\\/lea\\\/#author\"},\"publisher\":{\"@id\":\"https:\\\/\\\/www.airwell.com\\\/fr\\\/#organization\"},\"image\":{\"@type\":\"ImageObject\",\"url\":\"https:\\\/\\\/www.airwell.com\\\/wp-content\\\/uploads\\\/2021\\\/09\\\/AdobeStock_56013523-ConvertImage.jpg\",\"width\":1080,\"height\":720},\"datePublished\":\"2021-09-01T14:17:51+02:00\",\"dateModified\":\"2021-09-14T14:48:42+02:00\",\"inLanguage\":\"fr-FR\",\"mainEntityOfPage\":{\"@id\":\"https:\\\/\\\/www.airwell.com\\\/fr\\\/sengager-pour-la-transition-ecologique\\\/#webpage\"},\"isPartOf\":{\"@id\":\"https:\\\/\\\/www.airwell.com\\\/fr\\\/sengager-pour-la-transition-ecologique\\\/#webpage\"},\"articleSection\":\"\\u00c9quipement, Facultatif\"},{\"@type\":\"BreadcrumbList\",\"@id\":\"https:\\\/\\\/www.airwell.com\\\/fr\\\/sengager-pour-la-transition-ecologique\\\/#breadcrumblist\",\"itemListElement\":[{\"@type\":\"ListItem\",\"@id\":\"https:\\\/\\\/www.airwell.com\\\/fr\\\/#listItem\",\"position\":1,\"name\":\"Accueil\",\"item\":\"https:\\\/\\\/www.airwell.com\\\/fr\\\/\",\"nextItem\":{\"@type\":\"ListItem\",\"@id\":\"https:\\\/\\\/www.airwell.com\\\/fr\\\/category\\\/equipement\\\/#listItem\",\"name\":\"\\u00c9quipement\"}},{\"@type\":\"ListItem\",\"@id\":\"https:\\\/\\\/www.airwell.com\\\/fr\\\/category\\\/equipement\\\/#listItem\",\"position\":2,\"name\":\"\\u00c9quipement\",\"item\":\"https:\\\/\\\/www.airwell.com\\\/fr\\\/category\\\/equipement\\\/\",\"nextItem\":{\"@type\":\"ListItem\",\"@id\":\"https:\\\/\\\/www.airwell.com\\\/fr\\\/sengager-pour-la-transition-ecologique\\\/#listItem\",\"name\":\"S\\u2019engager pour la transition \\u00e9cologique\"},\"previousItem\":{\"@type\":\"ListItem\",\"@id\":\"https:\\\/\\\/www.airwell.com\\\/fr\\\/#listItem\",\"name\":\"Accueil\"}},{\"@type\":\"ListItem\",\"@id\":\"https:\\\/\\\/www.airwell.com\\\/fr\\\/sengager-pour-la-transition-ecologique\\\/#listItem\",\"position\":3,\"name\":\"S\\u2019engager pour la transition \\u00e9cologique\",\"previousItem\":{\"@type\":\"ListItem\",\"@id\":\"https:\\\/\\\/www.airwell.com\\\/fr\\\/category\\\/equipement\\\/#listItem\",\"name\":\"\\u00c9quipement\"}}]},{\"@type\":\"Organization\",\"@id\":\"https:\\\/\\\/www.airwell.com\\\/fr\\\/#organization\",\"name\":\"Airwell\",\"description\":\"Solutions de Climatisation et Chauffage\",\"url\":\"https:\\\/\\\/www.airwell.com\\\/fr\\\/\",\"telephone\":\"+33176218200\",\"logo\":{\"@type\":\"ImageObject\",\"url\":\"https:\\\/\\\/www.airwell.com\\\/wp-content\\\/uploads\\\/2020\\\/11\\\/Logo_Airwell.svg\",\"@id\":\"https:\\\/\\\/www.airwell.com\\\/fr\\\/sengager-pour-la-transition-ecologique\\\/#organizationLogo\",\"width\":157,\"height\":37},\"image\":{\"@id\":\"https:\\\/\\\/www.airwell.com\\\/fr\\\/sengager-pour-la-transition-ecologique\\\/#organizationLogo\"},\"sameAs\":[\"https:\\\/\\\/www.youtube.com\\\/channel\\\/UCKceazQwwi_h-1vHklDDtWg\",\"https:\\\/\\\/www.linkedin.com\\\/company\\\/airwell\\\/\"]},{\"@type\":\"Person\",\"@id\":\"https:\\\/\\\/www.airwell.com\\\/fr\\\/author\\\/lea\\\/#author\",\"url\":\"https:\\\/\\\/www.airwell.com\\\/fr\\\/author\\\/lea\\\/\",\"name\":\"Ceren Aiydin\"},{\"@type\":\"WebPage\",\"@id\":\"https:\\\/\\\/www.airwell.com\\\/fr\\\/sengager-pour-la-transition-ecologique\\\/#webpage\",\"url\":\"https:\\\/\\\/www.airwell.com\\\/fr\\\/sengager-pour-la-transition-ecologique\\\/\",\"name\":\"S\\u2019engager pour la transition \\u00e9cologique - Airwell\",\"description\":\"Elle vise \\u00e0 repenser la consommation d\\u2019\\u00e9nergie de la production \\u00e0 la consommation. D\\u00e9couvrez comment agir et les enjeux li\\u00e9s \\u00e0 cette transition.\",\"inLanguage\":\"fr-FR\",\"isPartOf\":{\"@id\":\"https:\\\/\\\/www.airwell.com\\\/fr\\\/#website\"},\"breadcrumb\":{\"@id\":\"https:\\\/\\\/www.airwell.com\\\/fr\\\/sengager-pour-la-transition-ecologique\\\/#breadcrumblist\"},\"author\":{\"@id\":\"https:\\\/\\\/www.airwell.com\\\/fr\\\/author\\\/lea\\\/#author\"},\"creator\":{\"@id\":\"https:\\\/\\\/www.airwell.com\\\/fr\\\/author\\\/lea\\\/#author\"},\"image\":{\"@type\":\"ImageObject\",\"url\":\"https:\\\/\\\/www.airwell.com\\\/wp-content\\\/uploads\\\/2021\\\/09\\\/AdobeStock_56013523-ConvertImage.jpg\",\"@id\":\"https:\\\/\\\/www.airwell.com\\\/fr\\\/sengager-pour-la-transition-ecologique\\\/#mainImage\",\"width\":1080,\"height\":720},\"primaryImageOfPage\":{\"@id\":\"https:\\\/\\\/www.airwell.com\\\/fr\\\/sengager-pour-la-transition-ecologique\\\/#mainImage\"},\"datePublished\":\"2021-09-01T14:17:51+02:00\",\"dateModified\":\"2021-09-14T14:48:42+02:00\"},{\"@type\":\"WebSite\",\"@id\":\"https:\\\/\\\/www.airwell.com\\\/fr\\\/#website\",\"url\":\"https:\\\/\\\/www.airwell.com\\\/fr\\\/\",\"name\":\"Airwell\",\"description\":\"Solutions de Climatisation et Chauffage\",\"inLanguage\":\"fr-FR\",\"publisher\":{\"@id\":\"https:\\\/\\\/www.airwell.com\\\/fr\\\/#organization\"}}]}\n\t\t<\/script>\n\t\t<!-- All in One SEO -->\n\n","aioseo_head_json":{"title":"S\u2019engager pour la transition \u00e9cologique - Airwell","description":"Elle vise \u00e0 repenser la consommation d\u2019\u00e9nergie de la production \u00e0 la consommation. D\u00e9couvrez comment agir et les enjeux li\u00e9s \u00e0 cette transition.","canonical_url":"https:\/\/www.airwell.com\/fr\/sengager-pour-la-transition-ecologique\/","robots":"max-image-preview:large","keywords":"","webmasterTools":{"miscellaneous":""},"schema":{"@context":"https:\/\/schema.org","@graph":[{"@type":"BlogPosting","@id":"https:\/\/www.airwell.com\/fr\/sengager-pour-la-transition-ecologique\/#blogposting","name":"S\u2019engager pour la transition \u00e9cologique - Airwell","headline":"S\u2019engager pour la transition \u00e9cologique","author":{"@id":"https:\/\/www.airwell.com\/fr\/author\/lea\/#author"},"publisher":{"@id":"https:\/\/www.airwell.com\/fr\/#organization"},"image":{"@type":"ImageObject","url":"https:\/\/www.airwell.com\/wp-content\/uploads\/2021\/09\/AdobeStock_56013523-ConvertImage.jpg","width":1080,"height":720},"datePublished":"2021-09-01T14:17:51+02:00","dateModified":"2021-09-14T14:48:42+02:00","inLanguage":"fr-FR","mainEntityOfPage":{"@id":"https:\/\/www.airwell.com\/fr\/sengager-pour-la-transition-ecologique\/#webpage"},"isPartOf":{"@id":"https:\/\/www.airwell.com\/fr\/sengager-pour-la-transition-ecologique\/#webpage"},"articleSection":"\u00c9quipement, Facultatif"},{"@type":"BreadcrumbList","@id":"https:\/\/www.airwell.com\/fr\/sengager-pour-la-transition-ecologique\/#breadcrumblist","itemListElement":[{"@type":"ListItem","@id":"https:\/\/www.airwell.com\/fr\/#listItem","position":1,"name":"Accueil","item":"https:\/\/www.airwell.com\/fr\/","nextItem":{"@type":"ListItem","@id":"https:\/\/www.airwell.com\/fr\/category\/equipement\/#listItem","name":"\u00c9quipement"}},{"@type":"ListItem","@id":"https:\/\/www.airwell.com\/fr\/category\/equipement\/#listItem","position":2,"name":"\u00c9quipement","item":"https:\/\/www.airwell.com\/fr\/category\/equipement\/","nextItem":{"@type":"ListItem","@id":"https:\/\/www.airwell.com\/fr\/sengager-pour-la-transition-ecologique\/#listItem","name":"S\u2019engager pour la transition \u00e9cologique"},"previousItem":{"@type":"ListItem","@id":"https:\/\/www.airwell.com\/fr\/#listItem","name":"Accueil"}},{"@type":"ListItem","@id":"https:\/\/www.airwell.com\/fr\/sengager-pour-la-transition-ecologique\/#listItem","position":3,"name":"S\u2019engager pour la transition \u00e9cologique","previousItem":{"@type":"ListItem","@id":"https:\/\/www.airwell.com\/fr\/category\/equipement\/#listItem","name":"\u00c9quipement"}}]},{"@type":"Organization","@id":"https:\/\/www.airwell.com\/fr\/#organization","name":"Airwell","description":"Solutions de Climatisation et Chauffage","url":"https:\/\/www.airwell.com\/fr\/","telephone":"+33176218200","logo":{"@type":"ImageObject","url":"https:\/\/www.airwell.com\/wp-content\/uploads\/2020\/11\/Logo_Airwell.svg","@id":"https:\/\/www.airwell.com\/fr\/sengager-pour-la-transition-ecologique\/#organizationLogo","width":157,"height":37},"image":{"@id":"https:\/\/www.airwell.com\/fr\/sengager-pour-la-transition-ecologique\/#organizationLogo"},"sameAs":["https:\/\/www.youtube.com\/channel\/UCKceazQwwi_h-1vHklDDtWg","https:\/\/www.linkedin.com\/company\/airwell\/"]},{"@type":"Person","@id":"https:\/\/www.airwell.com\/fr\/author\/lea\/#author","url":"https:\/\/www.airwell.com\/fr\/author\/lea\/","name":"Ceren Aiydin"},{"@type":"WebPage","@id":"https:\/\/www.airwell.com\/fr\/sengager-pour-la-transition-ecologique\/#webpage","url":"https:\/\/www.airwell.com\/fr\/sengager-pour-la-transition-ecologique\/","name":"S\u2019engager pour la transition \u00e9cologique - Airwell","description":"Elle vise \u00e0 repenser la consommation d\u2019\u00e9nergie de la production \u00e0 la consommation. D\u00e9couvrez comment agir et les enjeux li\u00e9s \u00e0 cette transition.","inLanguage":"fr-FR","isPartOf":{"@id":"https:\/\/www.airwell.com\/fr\/#website"},"breadcrumb":{"@id":"https:\/\/www.airwell.com\/fr\/sengager-pour-la-transition-ecologique\/#breadcrumblist"},"author":{"@id":"https:\/\/www.airwell.com\/fr\/author\/lea\/#author"},"creator":{"@id":"https:\/\/www.airwell.com\/fr\/author\/lea\/#author"},"image":{"@type":"ImageObject","url":"https:\/\/www.airwell.com\/wp-content\/uploads\/2021\/09\/AdobeStock_56013523-ConvertImage.jpg","@id":"https:\/\/www.airwell.com\/fr\/sengager-pour-la-transition-ecologique\/#mainImage","width":1080,"height":720},"primaryImageOfPage":{"@id":"https:\/\/www.airwell.com\/fr\/sengager-pour-la-transition-ecologique\/#mainImage"},"datePublished":"2021-09-01T14:17:51+02:00","dateModified":"2021-09-14T14:48:42+02:00"},{"@type":"WebSite","@id":"https:\/\/www.airwell.com\/fr\/#website","url":"https:\/\/www.airwell.com\/fr\/","name":"Airwell","description":"Solutions de Climatisation et Chauffage","inLanguage":"fr-FR","publisher":{"@id":"https:\/\/www.airwell.com\/fr\/#organization"}}]},"og:locale":"fr_FR","og:site_name":"Airwell - Solutions de Climatisation et Chauffage","og:type":"article","og:title":"S\u2019engager pour la transition \u00e9cologique - Airwell","og:description":"Elle vise \u00e0 repenser la consommation d\u2019\u00e9nergie de la production \u00e0 la consommation. D\u00e9couvrez comment agir et les enjeux li\u00e9s \u00e0 cette transition.","og:url":"https:\/\/www.airwell.com\/fr\/sengager-pour-la-transition-ecologique\/","og:image":"https:\/\/www.airwell.com\/wp-content\/uploads\/2021\/09\/AdobeStock_56013523-ConvertImage.jpg","og:image:secure_url":"https:\/\/www.airwell.com\/wp-content\/uploads\/2021\/09\/AdobeStock_56013523-ConvertImage.jpg","og:image:width":1080,"og:image:height":720,"article:published_time":"2021-09-01T12:17:51+00:00","article:modified_time":"2021-09-14T12:48:42+00:00","twitter:card":"summary","twitter:title":"S\u2019engager pour la transition \u00e9cologique - Airwell","twitter:description":"Elle vise \u00e0 repenser la consommation d\u2019\u00e9nergie de la production \u00e0 la consommation. D\u00e9couvrez comment agir et les enjeux li\u00e9s \u00e0 cette transition.","twitter:image":"https:\/\/www.airwell.com\/wp-content\/uploads\/2021\/09\/AdobeStock_56013523-ConvertImage.jpg"},"aioseo_meta_data":{"post_id":"13617","title":"#post_title #separator_sa #site_title","description":"#post_excerpt","keywords":[],"keyphrases":{"focus":[],"additional":[]},"primary_term":null,"canonical_url":null,"og_title":null,"og_description":null,"og_object_type":"default","og_image_type":"default","og_image_url":null,"og_image_width":null,"og_image_height":null,"og_image_custom_url":null,"og_image_custom_fields":null,"og_video":"","og_custom_url":null,"og_article_section":null,"og_article_tags":[],"twitter_use_og":false,"twitter_card":"default","twitter_image_type":"default","twitter_image_url":null,"twitter_image_custom_url":null,"twitter_image_custom_fields":null,"twitter_title":null,"twitter_description":null,"schema":{"blockGraphs":[],"customGraphs":[],"default":{"data":{"Article":{"id":"#aioseo-article-63f3300c98365","slug":"article","graphName":"Article","label":"Article","properties":{"type":"BlogPosting","name":"#post_title","headline":"#post_title","description":"#post_excerpt","image":"","keywords":"","author":{"name":"#author_name","url":"#author_url"},"dates":{"include":true,"datePublished":"","dateModified":""}}},"Course":[],"Dataset":[],"FAQPage":[],"Movie":[],"Person":[],"Product":[],"ProductReview":[],"Car":[],"Recipe":[],"Service":[],"SoftwareApplication":[],"WebPage":[]},"graphName":"Article","isEnabled":true},"graphs":[]},"schema_type":"default","schema_type_options":"{\"article\":{\"articleType\":\"BlogPosting\"},\"course\":{\"name\":\"\",\"description\":\"\",\"provider\":\"\"},\"faq\":{\"pages\":[]},\"product\":{\"reviews\":[]},\"recipe\":{\"ingredients\":[],\"instructions\":[],\"keywords\":[]},\"software\":{\"reviews\":[],\"operatingSystems\":[]},\"webPage\":{\"webPageType\":\"WebPage\"}}","pillar_content":false,"robots_default":true,"robots_noindex":false,"robots_noarchive":false,"robots_nosnippet":false,"robots_nofollow":false,"robots_noimageindex":false,"robots_noodp":false,"robots_notranslate":false,"robots_max_snippet":"-1","robots_max_videopreview":"-1","robots_max_imagepreview":"large","priority":null,"frequency":"default","local_seo":{"businessInfo":{"name":"","urls":{"website":"","aboutPage":"","contactPage":""},"address":{"line1":"","line2":"","zip":"","city":"","state":"","country":""},"contact":{"email":"","phone":"","fax":""},"ids":{"vatID":"","taxID":"","chamberID":""},"payment":{"priceIndication":"","currenciesAccepted":"","methodsAccepted":""},"areaServed":""},"openingHours":{"show":false,"closedLabel":"","open24h":false,"open24hLabel":"","open247":false,"use24hFormat":false,"twoSets":false,"timezone":"","hours":[]}},"breadcrumb_settings":null,"limit_modified_date":false,"ai":null,"created":"2021-08-31 08:24:45","updated":"2025-06-04 14:41:34","seo_analyzer_scan_date":null,"focus_keyword":null,"additional_keywords":null,"truseo_locale":null},"featured_image_src":"https:\/\/www.airwell.com\/wp-content\/uploads\/2021\/09\/AdobeStock_56013523-ConvertImage.jpg","author_info":{"display_name":"Ceren Aiydin","author_link":"https:\/\/www.airwell.com\/fr\/author\/lea\/"},"_links":{"self":[{"href":"https:\/\/www.airwell.com\/fr\/wp-json\/wp\/v2\/posts\/13617","targetHints":{"allow":["GET"]}}],"collection":[{"href":"https:\/\/www.airwell.com\/fr\/wp-json\/wp\/v2\/posts"}],"about":[{"href":"https:\/\/www.airwell.com\/fr\/wp-json\/wp\/v2\/types\/post"}],"author":[{"embeddable":true,"href":"https:\/\/www.airwell.com\/fr\/wp-json\/wp\/v2\/users\/10"}],"replies":[{"embeddable":true,"href":"https:\/\/www.airwell.com\/fr\/wp-json\/wp\/v2\/comments?post=13617"}],"version-history":[{"count":26,"href":"https:\/\/www.airwell.com\/fr\/wp-json\/wp\/v2\/posts\/13617\/revisions"}],"predecessor-version":[{"id":14132,"href":"https:\/\/www.airwell.com\/fr\/wp-json\/wp\/v2\/posts\/13617\/revisions\/14132"}],"wp:featuredmedia":[{"embeddable":true,"href":"https:\/\/www.airwell.com\/fr\/wp-json\/wp\/v2\/media\/13715"}],"wp:attachment":[{"href":"https:\/\/www.airwell.com\/fr\/wp-json\/wp\/v2\/media?parent=13617"}],"wp:term":[{"taxonomy":"category","embeddable":true,"href":"https:\/\/www.airwell.com\/fr\/wp-json\/wp\/v2\/categories?post=13617"},{"taxonomy":"post_tag","embeddable":true,"href":"https:\/\/www.airwell.com\/fr\/wp-json\/wp\/v2\/tags?post=13617"}],"curies":[{"name":"wp","href":"https:\/\/api.w.org\/{rel}","templated":true}]}}