{"id":16153,"date":"2021-10-25T10:40:50","date_gmt":"2021-10-25T08:40:50","guid":{"rendered":"https:\/\/www.airwell.com\/come-regolare-laria-condizionata-in-estate\/"},"modified":"2021-10-26T10:55:05","modified_gmt":"2021-10-26T08:55:05","slug":"come-regolare-laria-condizionata-in-estate","status":"publish","type":"post","link":"https:\/\/www.airwell.com\/it\/come-regolare-laria-condizionata-in-estate\/","title":{"rendered":"Come regolare l&#8217;aria condizionata in estate ?"},"content":{"rendered":"[vc_row type=&#8221;in_container&#8221; full_screen_row_position=&#8221;middle&#8221; column_margin=&#8221;default&#8221; column_direction=&#8221;default&#8221; column_direction_tablet=&#8221;default&#8221; column_direction_phone=&#8221;default&#8221; scene_position=&#8221;center&#8221; bottom_padding=&#8221;20px&#8221; text_color=&#8221;dark&#8221; text_align=&#8221;left&#8221; row_border_radius=&#8221;none&#8221; row_border_radius_applies=&#8221;bg&#8221; overlay_strength=&#8221;0.3&#8243; gradient_direction=&#8221;left_to_right&#8221; shape_divider_position=&#8221;bottom&#8221; bg_image_animation=&#8221;none&#8221; shape_type=&#8221;&#8221;][vc_column column_padding=&#8221;no-extra-padding&#8221; column_padding_tablet=&#8221;inherit&#8221; column_padding_phone=&#8221;inherit&#8221; column_padding_position=&#8221;all&#8221; background_color_opacity=&#8221;1&#8243; background_hover_color_opacity=&#8221;1&#8243; column_shadow=&#8221;none&#8221; column_border_radius=&#8221;none&#8221; column_link_target=&#8221;_self&#8221; gradient_direction=&#8221;left_to_right&#8221; overlay_strength=&#8221;0.3&#8243; width=&#8221;1\/1&#8243; tablet_width_inherit=&#8221;default&#8221; tablet_text_alignment=&#8221;default&#8221; phone_text_alignment=&#8221;default&#8221; column_border_width=&#8221;none&#8221; column_border_style=&#8221;solid&#8221; bg_image_animation=&#8221;none&#8221;][vc_column_text el_class=&#8221;post__intro-text&#8221;]\n<h3>Sapere come regolare il proprio condizionatore d&#8217;aria \u00e8 importante per stare comodi e ottimizzare il consumo di energia. Per farlo, ecco alcune cose da tenere presenti:<\/h3>\n[\/vc_column_text][\/vc_column][\/vc_row][vc_row type=&#8221;in_container&#8221; full_screen_row_position=&#8221;middle&#8221; column_margin=&#8221;default&#8221; column_direction=&#8221;default&#8221; column_direction_tablet=&#8221;default&#8221; column_direction_phone=&#8221;default&#8221; scene_position=&#8221;center&#8221; text_color=&#8221;dark&#8221; text_align=&#8221;left&#8221; row_border_radius=&#8221;none&#8221; row_border_radius_applies=&#8221;bg&#8221; overlay_strength=&#8221;0.3&#8243; gradient_direction=&#8221;left_to_right&#8221; shape_divider_position=&#8221;bottom&#8221; bg_image_animation=&#8221;none&#8221;][vc_column column_padding=&#8221;no-extra-padding&#8221; column_padding_tablet=&#8221;inherit&#8221; column_padding_phone=&#8221;inherit&#8221; column_padding_position=&#8221;all&#8221; background_color_opacity=&#8221;1&#8243; background_hover_color_opacity=&#8221;1&#8243; column_shadow=&#8221;none&#8221; column_border_radius=&#8221;none&#8221; column_link_target=&#8221;_self&#8221; gradient_direction=&#8221;left_to_right&#8221; overlay_strength=&#8221;0.3&#8243; width=&#8221;1\/1&#8243; tablet_width_inherit=&#8221;default&#8221; tablet_text_alignment=&#8221;default&#8221; phone_text_alignment=&#8221;default&#8221; column_border_width=&#8221;none&#8221; column_border_style=&#8221;solid&#8221; bg_image_animation=&#8221;none&#8221;][vc_column_text el_class=&#8221;post__intro-text&#8221;]1. Capire il vostro condizionatore d&#8217;aria[\/vc_column_text][divider line_type=&#8221;Small Line&#8221; line_alignment=&#8221;default&#8221; line_thickness=&#8221;3&#8243; divider_color=&#8221;accent-color&#8221; custom_height=&#8221;20&#8243;][vc_column_text]Per regolare il vostro condizionatore d&#8217;aria nel modo pi\u00f9 efficace possibile, dovete capire come funziona. Questo perch\u00e9 quando si imposta il condizionatore d&#8217;aria su una temperatura desiderata, il sistema inizier\u00e0 a raggiungere quella temperatura. Il condizionatore d&#8217;aria si spegne automaticamente quando la temperatura viene raggiunta e poi si riavvia quando la temperatura sale.[\/vc_column_text][\/vc_column][\/vc_row][vc_row type=&#8221;in_container&#8221; full_screen_row_position=&#8221;middle&#8221; column_margin=&#8221;default&#8221; column_direction=&#8221;default&#8221; column_direction_tablet=&#8221;default&#8221; column_direction_phone=&#8221;default&#8221; scene_position=&#8221;center&#8221; text_color=&#8221;dark&#8221; text_align=&#8221;left&#8221; row_border_radius=&#8221;none&#8221; row_border_radius_applies=&#8221;bg&#8221; overlay_strength=&#8221;0.3&#8243; gradient_direction=&#8221;left_to_right&#8221; shape_divider_position=&#8221;bottom&#8221; bg_image_animation=&#8221;none&#8221; shape_type=&#8221;&#8221;][vc_column column_padding=&#8221;no-extra-padding&#8221; column_padding_tablet=&#8221;inherit&#8221; column_padding_phone=&#8221;inherit&#8221; column_padding_position=&#8221;all&#8221; top_margin=&#8221;20px&#8221; background_color_opacity=&#8221;1&#8243; background_hover_color_opacity=&#8221;1&#8243; column_shadow=&#8221;none&#8221; column_border_radius=&#8221;none&#8221; column_link_target=&#8221;_self&#8221; gradient_direction=&#8221;left_to_right&#8221; overlay_strength=&#8221;0.3&#8243; width=&#8221;1\/2&#8243; tablet_width_inherit=&#8221;default&#8221; tablet_text_alignment=&#8221;default&#8221; phone_text_alignment=&#8221;default&#8221; column_border_width=&#8221;none&#8221; column_border_style=&#8221;solid&#8221; bg_image_animation=&#8221;none&#8221;][vc_column_text el_class=&#8221;post__intro-text&#8221;]2. Optare per l&#8217;aria condizionata reversibile[\/vc_column_text][divider line_type=&#8221;Small Line&#8221; line_alignment=&#8221;default&#8221; line_thickness=&#8221;3&#8243; divider_color=&#8221;accent-color&#8221; custom_height=&#8221;20&#8243;][vc_column_text]Questa soluzione \u00e8 ideale se state cercando un sistema per l&#8217;estate che vi servir\u00e0 anche durante l&#8217;inverno.<\/p>\n<p>L&#8217;aria condizionata reversibile pu\u00f2 creare un risparmio energetico fino al 30%. Grazie al refrigerante, il sistema di climatizzazione pu\u00f2 effettuare uno scambio di calore tra l&#8217;interno della vostra casa e l&#8217;esterno.<\/p>\n<p>Ha poi una valvola speciale che permette di invertire il ciclo per creare calore o inviare il fresco nella vostra casa.[\/vc_column_text][nectar_cta btn_style=&#8221;see-through&#8221; heading_tag=&#8221;h6&#8243; text_color=&#8221;#125691&#8243; button_color=&#8221;default&#8221; link_type=&#8221;new_tab&#8221; alignment=&#8221;left&#8221; display=&#8221;block&#8221; url=&#8221;\/it\/prodotti&#8221; link_text=&#8221;Vedete i nostri condizionatori d&#8217;aria&#8221;][\/vc_column][vc_column column_padding=&#8221;no-extra-padding&#8221; column_padding_tablet=&#8221;inherit&#8221; column_padding_phone=&#8221;inherit&#8221; column_padding_position=&#8221;all&#8221; top_margin=&#8221;20px&#8221; background_color_opacity=&#8221;1&#8243; background_hover_color_opacity=&#8221;1&#8243; column_shadow=&#8221;none&#8221; column_border_radius=&#8221;none&#8221; column_link_target=&#8221;_self&#8221; gradient_direction=&#8221;left_to_right&#8221; overlay_strength=&#8221;0.3&#8243; width=&#8221;1\/2&#8243; tablet_width_inherit=&#8221;default&#8221; tablet_text_alignment=&#8221;default&#8221; phone_text_alignment=&#8221;default&#8221; column_border_width=&#8221;none&#8221; column_border_style=&#8221;solid&#8221; bg_image_animation=&#8221;none&#8221;][image_with_animation image_url=&#8221;12991&#8243; animation=&#8221;Fade In&#8221; hover_animation=&#8221;none&#8221; alignment=&#8221;&#8221; border_radius=&#8221;none&#8221; box_shadow=&#8221;none&#8221; image_loading=&#8221;default&#8221; max_width=&#8221;100%&#8221; max_width_mobile=&#8221;default&#8221;][\/vc_column][\/vc_row][vc_row type=&#8221;in_container&#8221; full_screen_row_position=&#8221;middle&#8221; column_margin=&#8221;default&#8221; column_direction=&#8221;default&#8221; column_direction_tablet=&#8221;default&#8221; column_direction_phone=&#8221;default&#8221; scene_position=&#8221;center&#8221; text_color=&#8221;dark&#8221; text_align=&#8221;left&#8221; row_border_radius=&#8221;none&#8221; row_border_radius_applies=&#8221;bg&#8221; class=&#8221;clear-order&#8221; overlay_strength=&#8221;0.3&#8243; gradient_direction=&#8221;left_to_right&#8221; shape_divider_position=&#8221;bottom&#8221; bg_image_animation=&#8221;none&#8221; shape_type=&#8221;&#8221;][vc_column column_padding=&#8221;no-extra-padding&#8221; column_padding_tablet=&#8221;inherit&#8221; column_padding_phone=&#8221;inherit&#8221; column_padding_position=&#8221;all&#8221; top_margin=&#8221;20px&#8221; background_color_opacity=&#8221;1&#8243; background_hover_color_opacity=&#8221;1&#8243; column_shadow=&#8221;none&#8221; column_border_radius=&#8221;none&#8221; column_link_target=&#8221;_self&#8221; gradient_direction=&#8221;left_to_right&#8221; overlay_strength=&#8221;0.3&#8243; width=&#8221;1\/2&#8243; tablet_width_inherit=&#8221;default&#8221; tablet_text_alignment=&#8221;default&#8221; phone_text_alignment=&#8221;default&#8221; column_border_width=&#8221;none&#8221; column_border_style=&#8221;solid&#8221; bg_image_animation=&#8221;none&#8221;][image_with_animation image_url=&#8221;12958&#8243; animation=&#8221;Fade In&#8221; hover_animation=&#8221;none&#8221; alignment=&#8221;&#8221; border_radius=&#8221;none&#8221; box_shadow=&#8221;none&#8221; image_loading=&#8221;default&#8221; max_width=&#8221;100%&#8221; max_width_mobile=&#8221;default&#8221;][\/vc_column][vc_column column_padding=&#8221;padding-2-percent&#8221; column_padding_tablet=&#8221;inherit&#8221; column_padding_phone=&#8221;inherit&#8221; column_padding_position=&#8221;all&#8221; top_margin=&#8221;20px&#8221; background_color=&#8221;#ffffff&#8221; background_color_opacity=&#8221;1&#8243; background_hover_color_opacity=&#8221;1&#8243; column_shadow=&#8221;none&#8221; column_border_radius=&#8221;none&#8221; column_link_target=&#8221;_self&#8221; gradient_direction=&#8221;left_to_right&#8221; overlay_strength=&#8221;0.3&#8243; width=&#8221;1\/2&#8243; tablet_width_inherit=&#8221;default&#8221; tablet_text_alignment=&#8221;default&#8221; phone_text_alignment=&#8221;default&#8221; column_border_width=&#8221;none&#8221; column_border_style=&#8221;solid&#8221; bg_image_animation=&#8221;none&#8221;][vc_column_text el_class=&#8221;post__intro-text&#8221;]3. Chiudere porte e finestre[\/vc_column_text][divider line_type=&#8221;Small Line&#8221; line_alignment=&#8221;default&#8221; line_thickness=&#8221;3&#8243; divider_color=&#8221;accent-color&#8221; custom_height=&#8221;20&#8243;][vc_column_text]Se volete ottimizzare l&#8217;uso del vostro condizionatore d&#8217;aria. \u00c8 importante adattare il vostro ambiente per stare comodi e ridurre i costi energetici.<\/p>\n<p>Ricordatevi di chiudere le porte e le finestre esterne per mantenere il fresco all&#8217;interno. Se volete raffreddare prima una stanza in particolare, ricordatevi di chiuderla.[\/vc_column_text][\/vc_column][\/vc_row][vc_row type=&#8221;in_container&#8221; full_screen_row_position=&#8221;middle&#8221; column_margin=&#8221;default&#8221; column_direction=&#8221;default&#8221; column_direction_tablet=&#8221;default&#8221; column_direction_phone=&#8221;default&#8221; scene_position=&#8221;center&#8221; text_color=&#8221;dark&#8221; text_align=&#8221;left&#8221; row_border_radius=&#8221;none&#8221; row_border_radius_applies=&#8221;bg&#8221; overlay_strength=&#8221;0.3&#8243; gradient_direction=&#8221;left_to_right&#8221; shape_divider_position=&#8221;bottom&#8221; bg_image_animation=&#8221;none&#8221; shape_type=&#8221;&#8221;][vc_column column_padding=&#8221;padding-2-percent&#8221; column_padding_tablet=&#8221;inherit&#8221; column_padding_phone=&#8221;inherit&#8221; column_padding_position=&#8221;all&#8221; background_color_opacity=&#8221;1&#8243; background_hover_color_opacity=&#8221;1&#8243; column_shadow=&#8221;none&#8221; column_border_radius=&#8221;none&#8221; column_link_target=&#8221;_self&#8221; gradient_direction=&#8221;left_to_right&#8221; overlay_strength=&#8221;0.3&#8243; width=&#8221;1\/2&#8243; tablet_width_inherit=&#8221;default&#8221; tablet_text_alignment=&#8221;default&#8221; phone_text_alignment=&#8221;default&#8221; column_border_width=&#8221;none&#8221; column_border_style=&#8221;solid&#8221; bg_image_animation=&#8221;none&#8221;][vc_column_text el_class=&#8221;post__intro-text&#8221;]4. Non impostare il condizionatore d&#8217;aria su temperature troppo basse[\/vc_column_text][divider line_type=&#8221;Small Line&#8221; line_alignment=&#8221;default&#8221; line_thickness=&#8221;3&#8243; divider_color=&#8221;accent-color&#8221; custom_height=&#8221;20&#8243;][vc_column_text]Proprio come quando si accende il riscaldamento in inverno, non \u00e8 necessario impostare l&#8217;aria condizionata su una temperatura molto bassa per raggiungere quella desiderata.<\/p>\n<p>Questo non accelerer\u00e0 il processo, ma aumenter\u00e0 la bolletta energetica della famiglia.<\/p>\n<p>Si raccomanda di mantenere una differenza di 7-9 gradi tra la temperatura esterna e quella interna.[\/vc_column_text][\/vc_column][vc_column column_padding=&#8221;no-extra-padding&#8221; column_padding_tablet=&#8221;inherit&#8221; column_padding_phone=&#8221;inherit&#8221; column_padding_position=&#8221;all&#8221; top_margin=&#8221;20px&#8221; background_color_opacity=&#8221;1&#8243; background_hover_color_opacity=&#8221;1&#8243; column_shadow=&#8221;none&#8221; column_border_radius=&#8221;none&#8221; column_link_target=&#8221;_self&#8221; gradient_direction=&#8221;left_to_right&#8221; overlay_strength=&#8221;0.3&#8243; width=&#8221;1\/2&#8243; tablet_width_inherit=&#8221;default&#8221; tablet_text_alignment=&#8221;default&#8221; phone_text_alignment=&#8221;default&#8221; column_border_width=&#8221;none&#8221; column_border_style=&#8221;solid&#8221; bg_image_animation=&#8221;none&#8221;][image_with_animation image_url=&#8221;1717&#8243; animation=&#8221;Fade In&#8221; hover_animation=&#8221;none&#8221; alignment=&#8221;&#8221; border_radius=&#8221;none&#8221; box_shadow=&#8221;none&#8221; image_loading=&#8221;default&#8221; max_width=&#8221;100%&#8221; max_width_mobile=&#8221;default&#8221;][\/vc_column][\/vc_row][vc_row type=&#8221;in_container&#8221; full_screen_row_position=&#8221;middle&#8221; column_margin=&#8221;default&#8221; column_direction=&#8221;default&#8221; column_direction_tablet=&#8221;default&#8221; column_direction_phone=&#8221;default&#8221; scene_position=&#8221;center&#8221; text_color=&#8221;dark&#8221; text_align=&#8221;left&#8221; row_border_radius=&#8221;none&#8221; row_border_radius_applies=&#8221;bg&#8221; overlay_strength=&#8221;0.3&#8243; gradient_direction=&#8221;left_to_right&#8221; shape_divider_position=&#8221;bottom&#8221; bg_image_animation=&#8221;none&#8221;][vc_column column_padding=&#8221;no-extra-padding&#8221; column_padding_tablet=&#8221;inherit&#8221; column_padding_phone=&#8221;inherit&#8221; column_padding_position=&#8221;all&#8221; background_color_opacity=&#8221;1&#8243; background_hover_color_opacity=&#8221;1&#8243; column_shadow=&#8221;none&#8221; column_border_radius=&#8221;none&#8221; column_link_target=&#8221;_self&#8221; gradient_direction=&#8221;left_to_right&#8221; overlay_strength=&#8221;0.3&#8243; width=&#8221;1\/1&#8243; tablet_width_inherit=&#8221;default&#8221; tablet_text_alignment=&#8221;default&#8221; phone_text_alignment=&#8221;default&#8221; column_border_width=&#8221;none&#8221; column_border_style=&#8221;solid&#8221; bg_image_animation=&#8221;none&#8221;][vc_column_text el_class=&#8221;post__intro-text&#8221;]5. Evitare l&#8217;aria condizionata durante il sonno[\/vc_column_text][divider line_type=&#8221;Small Line&#8221; line_alignment=&#8221;default&#8221; line_thickness=&#8221;3&#8243; divider_color=&#8221;accent-color&#8221; custom_height=&#8221;20&#8243;][vc_column_text]Ci sono &#8220;modalit\u00e0 di sonno&#8221; dedicate per abbassare la differenza fino a 5 gradi e diminuire la ventilazione per ridurre il livello di rumore.[\/vc_column_text][\/vc_column][\/vc_row][vc_row type=&#8221;in_container&#8221; full_screen_row_position=&#8221;middle&#8221; column_margin=&#8221;default&#8221; column_direction=&#8221;default&#8221; column_direction_tablet=&#8221;default&#8221; column_direction_phone=&#8221;default&#8221; scene_position=&#8221;center&#8221; text_color=&#8221;dark&#8221; text_align=&#8221;left&#8221; row_border_radius=&#8221;none&#8221; row_border_radius_applies=&#8221;bg&#8221; overlay_strength=&#8221;0.3&#8243; gradient_direction=&#8221;left_to_right&#8221; shape_divider_position=&#8221;bottom&#8221; bg_image_animation=&#8221;none&#8221; shape_type=&#8221;&#8221;][vc_column column_padding=&#8221;no-extra-padding&#8221; column_padding_tablet=&#8221;inherit&#8221; column_padding_phone=&#8221;inherit&#8221; column_padding_position=&#8221;all&#8221; top_margin=&#8221;20px&#8221; background_color_opacity=&#8221;1&#8243; background_hover_color_opacity=&#8221;1&#8243; column_shadow=&#8221;none&#8221; column_border_radius=&#8221;none&#8221; column_link_target=&#8221;_self&#8221; gradient_direction=&#8221;left_to_right&#8221; overlay_strength=&#8221;0.3&#8243; width=&#8221;1\/2&#8243; tablet_width_inherit=&#8221;default&#8221; tablet_text_alignment=&#8221;default&#8221; phone_text_alignment=&#8221;default&#8221; column_border_width=&#8221;none&#8221; column_border_style=&#8221;solid&#8221; bg_image_animation=&#8221;none&#8221;][image_with_animation image_url=&#8221;12962&#8243; animation=&#8221;Fade In&#8221; hover_animation=&#8221;none&#8221; alignment=&#8221;&#8221; border_radius=&#8221;none&#8221; box_shadow=&#8221;none&#8221; image_loading=&#8221;default&#8221; max_width=&#8221;100%&#8221; max_width_mobile=&#8221;default&#8221;][\/vc_column][vc_column column_padding=&#8221;padding-2-percent&#8221; column_padding_tablet=&#8221;inherit&#8221; column_padding_phone=&#8221;inherit&#8221; column_padding_position=&#8221;all&#8221; background_color_opacity=&#8221;1&#8243; background_hover_color_opacity=&#8221;1&#8243; column_shadow=&#8221;none&#8221; column_border_radius=&#8221;none&#8221; column_link_target=&#8221;_self&#8221; gradient_direction=&#8221;left_to_right&#8221; overlay_strength=&#8221;0.3&#8243; width=&#8221;1\/2&#8243; tablet_width_inherit=&#8221;default&#8221; tablet_text_alignment=&#8221;default&#8221; phone_text_alignment=&#8221;default&#8221; column_border_width=&#8221;none&#8221; column_border_style=&#8221;solid&#8221; bg_image_animation=&#8221;none&#8221;][vc_column_text el_class=&#8221;post__intro-text&#8221;]6. Effettuare la manutenzione del vostro prodotto per aumentarne la durata[\/vc_column_text][divider line_type=&#8221;Small Line&#8221; line_alignment=&#8221;default&#8221; line_thickness=&#8221;3&#8243; divider_color=&#8221;accent-color&#8221; custom_height=&#8221;20&#8243;][vc_column_text]Prendersi cura regolarmente del proprio dispositivo aumenter\u00e0 la sua durata di vita.<\/p>\n<p>Eviter\u00e0 anche possibili guasti e l&#8217;aumento della vostra bolletta energetica.[\/vc_column_text][\/vc_column][\/vc_row]\n","protected":false},"excerpt":{"rendered":"<p>Sapere come regolare il proprio condizionatore d&#8217;aria \u00e8 importante per stare comodi e ottimizzare il consumo di energia.<\/p>\n","protected":false},"author":2,"featured_media":15480,"comment_status":"open","ping_status":"open","sticky":false,"template":"","format":"standard","meta":{"inline_featured_image":false,"footnotes":""},"categories":[25],"tags":[],"class_list":["post-16153","post","type-post","status-publish","format-standard","has-post-thumbnail","category-confort"],"aioseo_notices":[],"aioseo_head":"\n\t\t<!-- All in One SEO 5.0.1.1 - aioseo.com -->\n\t<meta name=\"description\" content=\"Sapere come regolare il proprio condizionatore d&#039;aria \u00e8 importante per stare comodi e ottimizzare il consumo di energia.\" \/>\n\t<meta name=\"robots\" content=\"max-image-preview:large\" \/>\n\t<meta name=\"author\" content=\"maxime\"\/>\n\t<link rel=\"canonical\" href=\"https:\/\/www.airwell.com\/it\/come-regolare-laria-condizionata-in-estate\/\" \/>\n\t<meta name=\"generator\" content=\"All in One SEO (AIOSEO) 5.0.1.1\" \/>\n\t\t<meta property=\"og:locale\" content=\"it_IT\" \/>\n\t\t<meta property=\"og:site_name\" content=\"Airwell - Soluzioni di aria condizionata e riscaldamento\" \/>\n\t\t<meta property=\"og:type\" content=\"article\" \/>\n\t\t<meta property=\"og:title\" content=\"Come regolare l\u2019aria condizionata in estate ? - Airwell\" \/>\n\t\t<meta property=\"og:description\" content=\"Sapere come regolare il proprio condizionatore d&#039;aria \u00e8 importante per stare comodi e ottimizzare il consumo di energia.\" \/>\n\t\t<meta property=\"og:url\" content=\"https:\/\/www.airwell.com\/it\/come-regolare-laria-condizionata-in-estate\/\" \/>\n\t\t<meta property=\"og:image\" content=\"https:\/\/www.airwell.com\/wp-content\/uploads\/2021\/06\/17692_Montage_Image_Harmonia_v2_Blanc-1024x725-1.jpg\" \/>\n\t\t<meta property=\"og:image:secure_url\" content=\"https:\/\/www.airwell.com\/wp-content\/uploads\/2021\/06\/17692_Montage_Image_Harmonia_v2_Blanc-1024x725-1.jpg\" \/>\n\t\t<meta property=\"og:image:width\" content=\"1024\" \/>\n\t\t<meta property=\"og:image:height\" content=\"725\" \/>\n\t\t<meta property=\"article:published_time\" content=\"2021-10-25T08:40:50+00:00\" \/>\n\t\t<meta property=\"article:modified_time\" content=\"2021-10-26T08:55:05+00:00\" \/>\n\t\t<meta name=\"twitter:card\" content=\"summary\" \/>\n\t\t<meta name=\"twitter:title\" content=\"Come regolare l\u2019aria condizionata in estate ? - Airwell\" \/>\n\t\t<meta name=\"twitter:description\" content=\"Sapere come regolare il proprio condizionatore d&#039;aria \u00e8 importante per stare comodi e ottimizzare il consumo di energia.\" \/>\n\t\t<meta name=\"twitter:image\" content=\"https:\/\/www.airwell.com\/wp-content\/uploads\/2021\/06\/17692_Montage_Image_Harmonia_v2_Blanc-1024x725-1.jpg\" \/>\n\t\t<script type=\"application\/ld+json\" class=\"aioseo-schema\">\n\t\t\t{\"@context\":\"https:\\\/\\\/schema.org\",\"@graph\":[{\"@type\":\"BlogPosting\",\"@id\":\"https:\\\/\\\/www.airwell.com\\\/it\\\/come-regolare-laria-condizionata-in-estate\\\/#blogposting\",\"name\":\"Come regolare l\\u2019aria condizionata in estate ? - Airwell\",\"headline\":\"Come regolare l&#8217;aria condizionata in estate ?\",\"author\":{\"@id\":\"https:\\\/\\\/www.airwell.com\\\/it\\\/author\\\/maxime\\\/#author\"},\"publisher\":{\"@id\":\"https:\\\/\\\/www.airwell.com\\\/it\\\/#organization\"},\"image\":{\"@type\":\"ImageObject\",\"url\":\"https:\\\/\\\/www.airwell.com\\\/wp-content\\\/uploads\\\/2021\\\/06\\\/17692_Montage_Image_Harmonia_v2_Blanc-1024x725-1.jpg\",\"width\":1024,\"height\":725},\"datePublished\":\"2021-10-25T10:40:50+02:00\",\"dateModified\":\"2021-10-26T10:55:05+02:00\",\"inLanguage\":\"it-IT\",\"mainEntityOfPage\":{\"@id\":\"https:\\\/\\\/www.airwell.com\\\/it\\\/come-regolare-laria-condizionata-in-estate\\\/#webpage\"},\"isPartOf\":{\"@id\":\"https:\\\/\\\/www.airwell.com\\\/it\\\/come-regolare-laria-condizionata-in-estate\\\/#webpage\"},\"articleSection\":\"Confort, Opzionale\"},{\"@type\":\"BreadcrumbList\",\"@id\":\"https:\\\/\\\/www.airwell.com\\\/it\\\/come-regolare-laria-condizionata-in-estate\\\/#breadcrumblist\",\"itemListElement\":[{\"@type\":\"ListItem\",\"@id\":\"https:\\\/\\\/www.airwell.com\\\/it\\\/#listItem\",\"position\":1,\"name\":\"Accueil\",\"item\":\"https:\\\/\\\/www.airwell.com\\\/it\\\/\",\"nextItem\":{\"@type\":\"ListItem\",\"@id\":\"https:\\\/\\\/www.airwell.com\\\/fr\\\/category\\\/confort\\\/#listItem\",\"name\":\"Confort\"}},{\"@type\":\"ListItem\",\"@id\":\"https:\\\/\\\/www.airwell.com\\\/fr\\\/category\\\/confort\\\/#listItem\",\"position\":2,\"name\":\"Confort\",\"item\":\"https:\\\/\\\/www.airwell.com\\\/fr\\\/category\\\/confort\\\/\",\"nextItem\":{\"@type\":\"ListItem\",\"@id\":\"https:\\\/\\\/www.airwell.com\\\/it\\\/come-regolare-laria-condizionata-in-estate\\\/#listItem\",\"name\":\"Come regolare l&#8217;aria condizionata in estate ?\"},\"previousItem\":{\"@type\":\"ListItem\",\"@id\":\"https:\\\/\\\/www.airwell.com\\\/it\\\/#listItem\",\"name\":\"Accueil\"}},{\"@type\":\"ListItem\",\"@id\":\"https:\\\/\\\/www.airwell.com\\\/it\\\/come-regolare-laria-condizionata-in-estate\\\/#listItem\",\"position\":3,\"name\":\"Come regolare l&#8217;aria condizionata in estate ?\",\"previousItem\":{\"@type\":\"ListItem\",\"@id\":\"https:\\\/\\\/www.airwell.com\\\/fr\\\/category\\\/confort\\\/#listItem\",\"name\":\"Confort\"}}]},{\"@type\":\"Organization\",\"@id\":\"https:\\\/\\\/www.airwell.com\\\/it\\\/#organization\",\"name\":\"Airwell\",\"description\":\"Soluzioni di aria condizionata e riscaldamento\",\"url\":\"https:\\\/\\\/www.airwell.com\\\/it\\\/\",\"telephone\":\"+33176218200\",\"logo\":{\"@type\":\"ImageObject\",\"url\":\"https:\\\/\\\/www.airwell.com\\\/wp-content\\\/uploads\\\/2020\\\/11\\\/Logo_Airwell.svg\",\"@id\":\"https:\\\/\\\/www.airwell.com\\\/it\\\/come-regolare-laria-condizionata-in-estate\\\/#organizationLogo\",\"width\":157,\"height\":37},\"image\":{\"@id\":\"https:\\\/\\\/www.airwell.com\\\/it\\\/come-regolare-laria-condizionata-in-estate\\\/#organizationLogo\"},\"sameAs\":[\"https:\\\/\\\/www.youtube.com\\\/channel\\\/UCKceazQwwi_h-1vHklDDtWg\",\"https:\\\/\\\/www.linkedin.com\\\/company\\\/airwell\\\/\"]},{\"@type\":\"Person\",\"@id\":\"https:\\\/\\\/www.airwell.com\\\/it\\\/author\\\/maxime\\\/#author\",\"url\":\"https:\\\/\\\/www.airwell.com\\\/it\\\/author\\\/maxime\\\/\",\"name\":\"maxime\"},{\"@type\":\"WebPage\",\"@id\":\"https:\\\/\\\/www.airwell.com\\\/it\\\/come-regolare-laria-condizionata-in-estate\\\/#webpage\",\"url\":\"https:\\\/\\\/www.airwell.com\\\/it\\\/come-regolare-laria-condizionata-in-estate\\\/\",\"name\":\"Come regolare l\\u2019aria condizionata in estate ? - Airwell\",\"description\":\"Sapere come regolare il proprio condizionatore d'aria \\u00e8 importante per stare comodi e ottimizzare il consumo di energia.\",\"inLanguage\":\"it-IT\",\"isPartOf\":{\"@id\":\"https:\\\/\\\/www.airwell.com\\\/it\\\/#website\"},\"breadcrumb\":{\"@id\":\"https:\\\/\\\/www.airwell.com\\\/it\\\/come-regolare-laria-condizionata-in-estate\\\/#breadcrumblist\"},\"author\":{\"@id\":\"https:\\\/\\\/www.airwell.com\\\/it\\\/author\\\/maxime\\\/#author\"},\"creator\":{\"@id\":\"https:\\\/\\\/www.airwell.com\\\/it\\\/author\\\/maxime\\\/#author\"},\"image\":{\"@type\":\"ImageObject\",\"url\":\"https:\\\/\\\/www.airwell.com\\\/wp-content\\\/uploads\\\/2021\\\/06\\\/17692_Montage_Image_Harmonia_v2_Blanc-1024x725-1.jpg\",\"@id\":\"https:\\\/\\\/www.airwell.com\\\/it\\\/come-regolare-laria-condizionata-in-estate\\\/#mainImage\",\"width\":1024,\"height\":725},\"primaryImageOfPage\":{\"@id\":\"https:\\\/\\\/www.airwell.com\\\/it\\\/come-regolare-laria-condizionata-in-estate\\\/#mainImage\"},\"datePublished\":\"2021-10-25T10:40:50+02:00\",\"dateModified\":\"2021-10-26T10:55:05+02:00\"},{\"@type\":\"WebSite\",\"@id\":\"https:\\\/\\\/www.airwell.com\\\/it\\\/#website\",\"url\":\"https:\\\/\\\/www.airwell.com\\\/it\\\/\",\"name\":\"Airwell\",\"description\":\"Soluzioni di aria condizionata e riscaldamento\",\"inLanguage\":\"it-IT\",\"publisher\":{\"@id\":\"https:\\\/\\\/www.airwell.com\\\/it\\\/#organization\"}}]}\n\t\t<\/script>\n\t\t<!-- All in One SEO -->\n\n","aioseo_head_json":{"title":"Come regolare l\u2019aria condizionata in estate ? - Airwell","description":"Sapere come regolare il proprio condizionatore d'aria \u00e8 importante per stare comodi e ottimizzare il consumo di energia.","canonical_url":"https:\/\/www.airwell.com\/it\/come-regolare-laria-condizionata-in-estate\/","robots":"max-image-preview:large","keywords":"","webmasterTools":{"miscellaneous":""},"schema":{"@context":"https:\/\/schema.org","@graph":[{"@type":"BlogPosting","@id":"https:\/\/www.airwell.com\/it\/come-regolare-laria-condizionata-in-estate\/#blogposting","name":"Come regolare l\u2019aria condizionata in estate ? - Airwell","headline":"Come regolare l&#8217;aria condizionata in estate ?","author":{"@id":"https:\/\/www.airwell.com\/it\/author\/maxime\/#author"},"publisher":{"@id":"https:\/\/www.airwell.com\/it\/#organization"},"image":{"@type":"ImageObject","url":"https:\/\/www.airwell.com\/wp-content\/uploads\/2021\/06\/17692_Montage_Image_Harmonia_v2_Blanc-1024x725-1.jpg","width":1024,"height":725},"datePublished":"2021-10-25T10:40:50+02:00","dateModified":"2021-10-26T10:55:05+02:00","inLanguage":"it-IT","mainEntityOfPage":{"@id":"https:\/\/www.airwell.com\/it\/come-regolare-laria-condizionata-in-estate\/#webpage"},"isPartOf":{"@id":"https:\/\/www.airwell.com\/it\/come-regolare-laria-condizionata-in-estate\/#webpage"},"articleSection":"Confort, Opzionale"},{"@type":"BreadcrumbList","@id":"https:\/\/www.airwell.com\/it\/come-regolare-laria-condizionata-in-estate\/#breadcrumblist","itemListElement":[{"@type":"ListItem","@id":"https:\/\/www.airwell.com\/it\/#listItem","position":1,"name":"Accueil","item":"https:\/\/www.airwell.com\/it\/","nextItem":{"@type":"ListItem","@id":"https:\/\/www.airwell.com\/fr\/category\/confort\/#listItem","name":"Confort"}},{"@type":"ListItem","@id":"https:\/\/www.airwell.com\/fr\/category\/confort\/#listItem","position":2,"name":"Confort","item":"https:\/\/www.airwell.com\/fr\/category\/confort\/","nextItem":{"@type":"ListItem","@id":"https:\/\/www.airwell.com\/it\/come-regolare-laria-condizionata-in-estate\/#listItem","name":"Come regolare l&#8217;aria condizionata in estate ?"},"previousItem":{"@type":"ListItem","@id":"https:\/\/www.airwell.com\/it\/#listItem","name":"Accueil"}},{"@type":"ListItem","@id":"https:\/\/www.airwell.com\/it\/come-regolare-laria-condizionata-in-estate\/#listItem","position":3,"name":"Come regolare l&#8217;aria condizionata in estate ?","previousItem":{"@type":"ListItem","@id":"https:\/\/www.airwell.com\/fr\/category\/confort\/#listItem","name":"Confort"}}]},{"@type":"Organization","@id":"https:\/\/www.airwell.com\/it\/#organization","name":"Airwell","description":"Soluzioni di aria condizionata e riscaldamento","url":"https:\/\/www.airwell.com\/it\/","telephone":"+33176218200","logo":{"@type":"ImageObject","url":"https:\/\/www.airwell.com\/wp-content\/uploads\/2020\/11\/Logo_Airwell.svg","@id":"https:\/\/www.airwell.com\/it\/come-regolare-laria-condizionata-in-estate\/#organizationLogo","width":157,"height":37},"image":{"@id":"https:\/\/www.airwell.com\/it\/come-regolare-laria-condizionata-in-estate\/#organizationLogo"},"sameAs":["https:\/\/www.youtube.com\/channel\/UCKceazQwwi_h-1vHklDDtWg","https:\/\/www.linkedin.com\/company\/airwell\/"]},{"@type":"Person","@id":"https:\/\/www.airwell.com\/it\/author\/maxime\/#author","url":"https:\/\/www.airwell.com\/it\/author\/maxime\/","name":"maxime"},{"@type":"WebPage","@id":"https:\/\/www.airwell.com\/it\/come-regolare-laria-condizionata-in-estate\/#webpage","url":"https:\/\/www.airwell.com\/it\/come-regolare-laria-condizionata-in-estate\/","name":"Come regolare l\u2019aria condizionata in estate ? - Airwell","description":"Sapere come regolare il proprio condizionatore d'aria \u00e8 importante per stare comodi e ottimizzare il consumo di energia.","inLanguage":"it-IT","isPartOf":{"@id":"https:\/\/www.airwell.com\/it\/#website"},"breadcrumb":{"@id":"https:\/\/www.airwell.com\/it\/come-regolare-laria-condizionata-in-estate\/#breadcrumblist"},"author":{"@id":"https:\/\/www.airwell.com\/it\/author\/maxime\/#author"},"creator":{"@id":"https:\/\/www.airwell.com\/it\/author\/maxime\/#author"},"image":{"@type":"ImageObject","url":"https:\/\/www.airwell.com\/wp-content\/uploads\/2021\/06\/17692_Montage_Image_Harmonia_v2_Blanc-1024x725-1.jpg","@id":"https:\/\/www.airwell.com\/it\/come-regolare-laria-condizionata-in-estate\/#mainImage","width":1024,"height":725},"primaryImageOfPage":{"@id":"https:\/\/www.airwell.com\/it\/come-regolare-laria-condizionata-in-estate\/#mainImage"},"datePublished":"2021-10-25T10:40:50+02:00","dateModified":"2021-10-26T10:55:05+02:00"},{"@type":"WebSite","@id":"https:\/\/www.airwell.com\/it\/#website","url":"https:\/\/www.airwell.com\/it\/","name":"Airwell","description":"Soluzioni di aria condizionata e riscaldamento","inLanguage":"it-IT","publisher":{"@id":"https:\/\/www.airwell.com\/it\/#organization"}}]},"og:locale":"it_IT","og:site_name":"Airwell - Soluzioni di aria condizionata e riscaldamento","og:type":"article","og:title":"Come regolare l\u2019aria condizionata in estate ? - Airwell","og:description":"Sapere come regolare il proprio condizionatore d'aria \u00e8 importante per stare comodi e ottimizzare il consumo di energia.","og:url":"https:\/\/www.airwell.com\/it\/come-regolare-laria-condizionata-in-estate\/","og:image":"https:\/\/www.airwell.com\/wp-content\/uploads\/2021\/06\/17692_Montage_Image_Harmonia_v2_Blanc-1024x725-1.jpg","og:image:secure_url":"https:\/\/www.airwell.com\/wp-content\/uploads\/2021\/06\/17692_Montage_Image_Harmonia_v2_Blanc-1024x725-1.jpg","og:image:width":1024,"og:image:height":725,"article:published_time":"2021-10-25T08:40:50+00:00","article:modified_time":"2021-10-26T08:55:05+00:00","twitter:card":"summary","twitter:title":"Come regolare l\u2019aria condizionata in estate ? - Airwell","twitter:description":"Sapere come regolare il proprio condizionatore d'aria \u00e8 importante per stare comodi e ottimizzare il consumo di energia.","twitter:image":"https:\/\/www.airwell.com\/wp-content\/uploads\/2021\/06\/17692_Montage_Image_Harmonia_v2_Blanc-1024x725-1.jpg"},"aioseo_meta_data":{"post_id":"16153","title":"#post_title #separator_sa #site_title","description":"#post_excerpt","keywords":[],"keyphrases":{"focus":[],"additional":[]},"primary_term":null,"canonical_url":null,"og_title":null,"og_description":null,"og_object_type":"default","og_image_type":"default","og_image_url":null,"og_image_width":null,"og_image_height":null,"og_image_custom_url":null,"og_image_custom_fields":null,"og_video":"","og_custom_url":null,"og_article_section":null,"og_article_tags":[],"twitter_use_og":false,"twitter_card":"default","twitter_image_type":"default","twitter_image_url":null,"twitter_image_custom_url":null,"twitter_image_custom_fields":null,"twitter_title":null,"twitter_description":null,"schema":{"blockGraphs":[],"customGraphs":[],"default":{"data":{"Article":{"id":"#aioseo-article-63f3300c9ed61","slug":"article","graphName":"Article","label":"Article","properties":{"type":"BlogPosting","name":"#post_title","headline":"#post_title","description":"#post_excerpt","image":"","keywords":"","author":{"name":"#author_name","url":"#author_url"},"dates":{"include":true,"datePublished":"","dateModified":""}}},"Course":[],"Dataset":[],"FAQPage":[],"Movie":[],"Person":[],"Product":[],"ProductReview":[],"Car":[],"Recipe":[],"Service":[],"SoftwareApplication":[],"WebPage":[]},"graphName":"Article","isEnabled":true},"graphs":[]},"schema_type":"default","schema_type_options":"{\"article\":{\"articleType\":\"BlogPosting\"},\"course\":{\"name\":\"\",\"description\":\"\",\"provider\":\"\"},\"faq\":{\"pages\":[]},\"product\":{\"reviews\":[]},\"recipe\":{\"ingredients\":[],\"instructions\":[],\"keywords\":[]},\"software\":{\"reviews\":[],\"operatingSystems\":[]},\"webPage\":{\"webPageType\":\"WebPage\"}}","pillar_content":false,"robots_default":true,"robots_noindex":false,"robots_noarchive":false,"robots_nosnippet":false,"robots_nofollow":false,"robots_noimageindex":false,"robots_noodp":false,"robots_notranslate":false,"robots_max_snippet":"-1","robots_max_videopreview":"-1","robots_max_imagepreview":"large","priority":null,"frequency":"default","local_seo":{"businessInfo":{"name":"","urls":{"website":"","aboutPage":"","contactPage":""},"address":{"line1":"","line2":"","zip":"","city":"","state":"","country":""},"contact":{"email":"","phone":"","fax":""},"ids":{"vatID":"","taxID":"","chamberID":""},"payment":{"priceIndication":"","currenciesAccepted":"","methodsAccepted":""},"areaServed":""},"openingHours":{"show":false,"closedLabel":"","open24h":false,"open24hLabel":"","open247":false,"use24hFormat":false,"twoSets":false,"timezone":"","hours":[]}},"breadcrumb_settings":null,"limit_modified_date":false,"ai":null,"created":"2021-10-25 08:40:52","updated":"2025-06-04 14:43:33","seo_analyzer_scan_date":null,"focus_keyword":null,"additional_keywords":null,"truseo_locale":null},"featured_image_src":"https:\/\/www.airwell.com\/wp-content\/uploads\/2021\/06\/17692_Montage_Image_Harmonia_v2_Blanc-1024x725-1.jpg","author_info":{"display_name":"maxime","author_link":"https:\/\/www.airwell.com\/it\/author\/maxime\/"},"_links":{"self":[{"href":"https:\/\/www.airwell.com\/it\/wp-json\/wp\/v2\/posts\/16153","targetHints":{"allow":["GET"]}}],"collection":[{"href":"https:\/\/www.airwell.com\/it\/wp-json\/wp\/v2\/posts"}],"about":[{"href":"https:\/\/www.airwell.com\/it\/wp-json\/wp\/v2\/types\/post"}],"author":[{"embeddable":true,"href":"https:\/\/www.airwell.com\/it\/wp-json\/wp\/v2\/users\/2"}],"replies":[{"embeddable":true,"href":"https:\/\/www.airwell.com\/it\/wp-json\/wp\/v2\/comments?post=16153"}],"version-history":[{"count":5,"href":"https:\/\/www.airwell.com\/it\/wp-json\/wp\/v2\/posts\/16153\/revisions"}],"predecessor-version":[{"id":16195,"href":"https:\/\/www.airwell.com\/it\/wp-json\/wp\/v2\/posts\/16153\/revisions\/16195"}],"wp:featuredmedia":[{"embeddable":true,"href":"https:\/\/www.airwell.com\/it\/wp-json\/wp\/v2\/media\/15480"}],"wp:attachment":[{"href":"https:\/\/www.airwell.com\/it\/wp-json\/wp\/v2\/media?parent=16153"}],"wp:term":[{"taxonomy":"category","embeddable":true,"href":"https:\/\/www.airwell.com\/it\/wp-json\/wp\/v2\/categories?post=16153"},{"taxonomy":"post_tag","embeddable":true,"href":"https:\/\/www.airwell.com\/it\/wp-json\/wp\/v2\/tags?post=16153"}],"curies":[{"name":"wp","href":"https:\/\/api.w.org\/{rel}","templated":true}]}}