{"id":16161,"date":"2021-10-25T11:08:30","date_gmt":"2021-10-25T09:08:30","guid":{"rendered":"https:\/\/www.airwell.com\/come-migliorare-la-qualita-dellaria-interna\/"},"modified":"2021-10-26T10:52:06","modified_gmt":"2021-10-26T08:52:06","slug":"come-migliorare-la-qualita-dellaria-interna","status":"publish","type":"post","link":"https:\/\/www.airwell.com\/it\/come-migliorare-la-qualita-dellaria-interna\/","title":{"rendered":"Come migliorare la qualit\u00e0 dell&#8217;aria interna?"},"content":{"rendered":"[vc_row type=&#8221;in_container&#8221; full_screen_row_position=&#8221;middle&#8221; column_margin=&#8221;default&#8221; column_direction=&#8221;default&#8221; column_direction_tablet=&#8221;default&#8221; column_direction_phone=&#8221;default&#8221; scene_position=&#8221;center&#8221; bottom_padding=&#8221;20px&#8221; text_color=&#8221;dark&#8221; text_align=&#8221;left&#8221; row_border_radius=&#8221;none&#8221; row_border_radius_applies=&#8221;bg&#8221; overlay_strength=&#8221;0.3&#8243; gradient_direction=&#8221;left_to_right&#8221; shape_divider_position=&#8221;bottom&#8221; bg_image_animation=&#8221;none&#8221; shape_type=&#8221;&#8221;][vc_column column_padding=&#8221;no-extra-padding&#8221; column_padding_tablet=&#8221;inherit&#8221; column_padding_phone=&#8221;inherit&#8221; column_padding_position=&#8221;all&#8221; background_color_opacity=&#8221;1&#8243; background_hover_color_opacity=&#8221;1&#8243; column_shadow=&#8221;none&#8221; column_border_radius=&#8221;none&#8221; column_link_target=&#8221;_self&#8221; gradient_direction=&#8221;left_to_right&#8221; overlay_strength=&#8221;0.3&#8243; width=&#8221;1\/1&#8243; tablet_width_inherit=&#8221;default&#8221; tablet_text_alignment=&#8221;default&#8221; phone_text_alignment=&#8221;default&#8221; column_border_width=&#8221;none&#8221; column_border_style=&#8221;solid&#8221; bg_image_animation=&#8221;none&#8221;][vc_column_text el_class=&#8221;post__intro-text&#8221;]\n<h3>Sapete quanto tempo, in media, passate in uno spazio chiuso in un giorno? In media, passiamo l&#8217;80% del nostro tempo al chiuso.<\/h3>\n<h3>Quindi \u00e8 importante considerare la qualit\u00e0 dell&#8217;aria che respiriamo negli spazi abitativi. Ecco perch\u00e9 \u00e8 importante fare le scelte giuste per migliorare il proprio comfort abitativo.<\/h3>\n[\/vc_column_text][\/vc_column][\/vc_row][vc_row type=&#8221;in_container&#8221; full_screen_row_position=&#8221;middle&#8221; column_margin=&#8221;default&#8221; column_direction=&#8221;default&#8221; column_direction_tablet=&#8221;default&#8221; column_direction_phone=&#8221;default&#8221; scene_position=&#8221;center&#8221; text_color=&#8221;dark&#8221; text_align=&#8221;left&#8221; row_border_radius=&#8221;none&#8221; row_border_radius_applies=&#8221;bg&#8221; overlay_strength=&#8221;0.3&#8243; gradient_direction=&#8221;left_to_right&#8221; shape_divider_position=&#8221;bottom&#8221; bg_image_animation=&#8221;none&#8221; shape_type=&#8221;&#8221;][vc_column column_padding=&#8221;no-extra-padding&#8221; column_padding_tablet=&#8221;inherit&#8221; column_padding_phone=&#8221;inherit&#8221; column_padding_position=&#8221;all&#8221; top_margin=&#8221;20px&#8221; background_color_opacity=&#8221;1&#8243; background_hover_color_opacity=&#8221;1&#8243; column_shadow=&#8221;none&#8221; column_border_radius=&#8221;none&#8221; column_link_target=&#8221;_self&#8221; gradient_direction=&#8221;left_to_right&#8221; overlay_strength=&#8221;0.3&#8243; width=&#8221;1\/2&#8243; tablet_width_inherit=&#8221;default&#8221; tablet_text_alignment=&#8221;default&#8221; phone_text_alignment=&#8221;default&#8221; column_border_width=&#8221;none&#8221; column_border_style=&#8221;solid&#8221; bg_image_animation=&#8221;none&#8221;][vc_column_text el_class=&#8221;post__intro-text&#8221;]Buono a sapersi:[\/vc_column_text][divider line_type=&#8221;Small Line&#8221; line_alignment=&#8221;default&#8221; line_thickness=&#8221;3&#8243; divider_color=&#8221;accent-color&#8221; custom_height=&#8221;20&#8243;][vc_column_text]In generale, passiamo la maggior parte del nostro tempo in uno spazio chiuso, sia a casa che al lavoro. Quindi \u00e8 importante essere consapevoli di tutti i fattori che contribuiscono al nostro benessere.<\/p>\n<p>L&#8217;aria in uno spazio chiuso \u00e8 pi\u00f9 inquinata di quella esterna, a causa dei materiali, delle apparecchiature e dei prodotti di pulizia&#8230;<\/p>\n<p><strong>L&#8217;aria che respiriamo influenza diverse cose:<\/strong><\/p>\n<ul>\n<li>Salute. La cattiva qualit\u00e0 dell&#8217;aria pu\u00f2 farvi ammalare. Benessere.<\/li>\n<li>Gli ioni nell&#8217;aria possono influenzare il vostro umore.<\/li>\n<li>Nel vostro spazio, un interno poco ventilato pu\u00f2 causare la muffa.<\/li>\n<\/ul>\n[\/vc_column_text][\/vc_column][vc_column column_padding=&#8221;no-extra-padding&#8221; column_padding_tablet=&#8221;inherit&#8221; column_padding_phone=&#8221;inherit&#8221; column_padding_position=&#8221;all&#8221; top_margin=&#8221;20px&#8221; background_color_opacity=&#8221;1&#8243; background_hover_color_opacity=&#8221;1&#8243; column_shadow=&#8221;none&#8221; column_border_radius=&#8221;none&#8221; column_link_target=&#8221;_self&#8221; gradient_direction=&#8221;left_to_right&#8221; overlay_strength=&#8221;0.3&#8243; width=&#8221;1\/2&#8243; tablet_width_inherit=&#8221;default&#8221; tablet_text_alignment=&#8221;default&#8221; phone_text_alignment=&#8221;default&#8221; column_border_width=&#8221;none&#8221; column_border_style=&#8221;solid&#8221; bg_image_animation=&#8221;none&#8221;][image_with_animation image_url=&#8221;12986&#8243; animation=&#8221;Fade In&#8221; hover_animation=&#8221;none&#8221; alignment=&#8221;&#8221; border_radius=&#8221;none&#8221; box_shadow=&#8221;none&#8221; image_loading=&#8221;default&#8221; max_width=&#8221;100%&#8221; max_width_mobile=&#8221;default&#8221;][\/vc_column][\/vc_row][vc_row type=&#8221;in_container&#8221; full_screen_row_position=&#8221;middle&#8221; column_margin=&#8221;default&#8221; column_direction=&#8221;default&#8221; column_direction_tablet=&#8221;default&#8221; column_direction_phone=&#8221;default&#8221; scene_position=&#8221;center&#8221; text_color=&#8221;dark&#8221; text_align=&#8221;left&#8221; row_border_radius=&#8221;none&#8221; row_border_radius_applies=&#8221;bg&#8221; overlay_strength=&#8221;0.3&#8243; gradient_direction=&#8221;left_to_right&#8221; shape_divider_position=&#8221;bottom&#8221; bg_image_animation=&#8221;none&#8221; shape_type=&#8221;&#8221;][vc_column column_padding=&#8221;no-extra-padding&#8221; column_padding_tablet=&#8221;inherit&#8221; column_padding_phone=&#8221;inherit&#8221; column_padding_position=&#8221;all&#8221; top_margin=&#8221;20px&#8221; background_color_opacity=&#8221;1&#8243; background_hover_color_opacity=&#8221;1&#8243; column_shadow=&#8221;none&#8221; column_border_radius=&#8221;none&#8221; column_link_target=&#8221;_self&#8221; gradient_direction=&#8221;left_to_right&#8221; overlay_strength=&#8221;0.3&#8243; width=&#8221;1\/2&#8243; tablet_width_inherit=&#8221;default&#8221; tablet_text_alignment=&#8221;default&#8221; phone_text_alignment=&#8221;default&#8221; column_border_width=&#8221;none&#8221; column_border_style=&#8221;solid&#8221; bg_image_animation=&#8221;none&#8221;][image_with_animation image_url=&#8221;13130&#8243; animation=&#8221;Fade In&#8221; hover_animation=&#8221;none&#8221; alignment=&#8221;&#8221; border_radius=&#8221;none&#8221; box_shadow=&#8221;none&#8221; image_loading=&#8221;default&#8221; max_width=&#8221;100%&#8221; max_width_mobile=&#8221;default&#8221;][\/vc_column][vc_column column_padding=&#8221;no-extra-padding&#8221; column_padding_tablet=&#8221;inherit&#8221; column_padding_phone=&#8221;inherit&#8221; column_padding_position=&#8221;all&#8221; top_margin=&#8221;20px&#8221; background_color_opacity=&#8221;1&#8243; background_hover_color_opacity=&#8221;1&#8243; column_shadow=&#8221;none&#8221; column_border_radius=&#8221;none&#8221; column_link_target=&#8221;_self&#8221; gradient_direction=&#8221;left_to_right&#8221; overlay_strength=&#8221;0.3&#8243; width=&#8221;1\/2&#8243; tablet_width_inherit=&#8221;default&#8221; tablet_text_alignment=&#8221;default&#8221; phone_text_alignment=&#8221;default&#8221; column_border_width=&#8221;none&#8221; column_border_style=&#8221;solid&#8221; bg_image_animation=&#8221;none&#8221;][vc_column_text el_class=&#8221;post__intro-text&#8221;]<strong>Elementi che degradano la qualit\u00e0 dell&#8217;aria: <\/strong>[\/vc_column_text][divider line_type=&#8221;Small Line&#8221; line_alignment=&#8221;default&#8221; line_thickness=&#8221;3&#8243; divider_color=&#8221;accent-color&#8221; custom_height=&#8221;20&#8243;][vc_column_text]\n<ul>\n<li>Umidit\u00e0<\/li>\n<li>Anidride carbonica: respirazione.<\/li>\n<li>Composti organici volatili: mobili, prodotti per la pulizia, tabacco e materiali.<\/li>\n<li>Materiali da costruzione<\/li>\n<\/ul>\n<p><strong>Come si pu\u00f2 migliorare?<\/strong><\/p>\n<ul>\n<li>Ventilare regolarmente gli spazi chiusi.<\/li>\n<li>Effettuare la manutenzione dei vostri dispositivi di ventilazione e aerazione.<\/li>\n<li>Attenzione alla muffa.<\/li>\n<li>Usare prodotti di pulizia &#8220;sani&#8221;.<\/li>\n<li>Fare attenzione ai mobili che si comprano.<\/li>\n<li>Optare per un dispositivo che favorisca la diffusione dell&#8217;aria.<\/li>\n<\/ul>\n[\/vc_column_text][\/vc_column][\/vc_row][vc_row type=&#8221;in_container&#8221; full_screen_row_position=&#8221;middle&#8221; column_margin=&#8221;default&#8221; column_direction=&#8221;default&#8221; column_direction_tablet=&#8221;default&#8221; column_direction_phone=&#8221;default&#8221; scene_position=&#8221;center&#8221; text_color=&#8221;dark&#8221; text_align=&#8221;left&#8221; row_border_radius=&#8221;none&#8221; row_border_radius_applies=&#8221;bg&#8221; overlay_strength=&#8221;0.3&#8243; gradient_direction=&#8221;left_to_right&#8221; shape_divider_position=&#8221;bottom&#8221; bg_image_animation=&#8221;none&#8221; shape_type=&#8221;&#8221;][vc_column column_padding=&#8221;padding-2-percent&#8221; column_padding_tablet=&#8221;inherit&#8221; column_padding_phone=&#8221;inherit&#8221; column_padding_position=&#8221;all&#8221; background_color_opacity=&#8221;1&#8243; background_hover_color_opacity=&#8221;1&#8243; column_shadow=&#8221;none&#8221; column_border_radius=&#8221;none&#8221; column_link_target=&#8221;_self&#8221; gradient_direction=&#8221;left_to_right&#8221; overlay_strength=&#8221;0.3&#8243; width=&#8221;1\/2&#8243; tablet_width_inherit=&#8221;default&#8221; tablet_text_alignment=&#8221;default&#8221; phone_text_alignment=&#8221;default&#8221; column_border_width=&#8221;none&#8221; column_border_style=&#8221;solid&#8221; bg_image_animation=&#8221;none&#8221;][vc_column_text el_class=&#8221;post__intro-text&#8221;]Quale prodotto dovrei scegliere?[\/vc_column_text][divider line_type=&#8221;Small Line&#8221; line_alignment=&#8221;default&#8221; line_thickness=&#8221;3&#8243; divider_color=&#8221;accent-color&#8221; custom_height=&#8221;40&#8243;][vc_column_text]L&#8217;aria interna contiene particelle caricate positivamente e negativamente. Questi sono conosciuti come ioni positivi e negativi.<\/p>\n<p>Gli ioni negativi sono benefici per il nostro benessere e migliorano il nostro umore, i livelli di energia e la qualit\u00e0 del nostro sonno. Ci fanno sentire a nostro agio.<\/p>\n<p>D&#8217;altra parte, gli ioni positivi nell&#8217;aria tendono a farci sentire stressati, stanchi e tesi.<\/p>\n<p>Airwell ha creato la soluzione HDH Harmonia un condizionatore d&#8217;aria con un sistema di filtrazione e ionizzatore. Questo sistema aiuta a riprodurre condizioni benefiche all&#8217;interno della nostra casa.[\/vc_column_text][nectar_cta btn_style=&#8221;see-through&#8221; heading_tag=&#8221;h6&#8243; text_color=&#8221;#125691&#8243; button_color=&#8221;default&#8221; link_type=&#8221;new_tab&#8221; alignment=&#8221;left&#8221; display=&#8221;block&#8221; link_text=&#8221;HDH Harmonia&#8221; url=&#8221;\/it\/harmonia&#8221;][\/vc_column][vc_column column_padding=&#8221;no-extra-padding&#8221; column_padding_tablet=&#8221;inherit&#8221; column_padding_phone=&#8221;inherit&#8221; column_padding_position=&#8221;all&#8221; top_margin=&#8221;20px&#8221; background_color_opacity=&#8221;1&#8243; background_hover_color_opacity=&#8221;1&#8243; column_shadow=&#8221;none&#8221; column_border_radius=&#8221;none&#8221; column_link_target=&#8221;_self&#8221; gradient_direction=&#8221;left_to_right&#8221; overlay_strength=&#8221;0.3&#8243; width=&#8221;1\/2&#8243; tablet_width_inherit=&#8221;default&#8221; tablet_text_alignment=&#8221;default&#8221; phone_text_alignment=&#8221;default&#8221; column_border_width=&#8221;none&#8221; column_border_style=&#8221;solid&#8221; bg_image_animation=&#8221;none&#8221;][image_with_animation image_url=&#8221;13449&#8243; animation=&#8221;Fade In&#8221; hover_animation=&#8221;none&#8221; alignment=&#8221;&#8221; border_radius=&#8221;none&#8221; box_shadow=&#8221;none&#8221; image_loading=&#8221;default&#8221; max_width=&#8221;100%&#8221; max_width_mobile=&#8221;default&#8221;][\/vc_column][\/vc_row]\n","protected":false},"excerpt":{"rendered":"<p>Sapete quanto tempo, in media, passate in uno spazio chiuso in un giorno? In media, passiamo l&#8217;80% del nostro tempo al chiuso.<\/p>\n","protected":false},"author":10,"featured_media":15478,"comment_status":"open","ping_status":"open","sticky":false,"template":"","format":"standard","meta":{"inline_featured_image":false,"footnotes":""},"categories":[285,25],"tags":[],"class_list":["post-16161","post","type-post","status-publish","format-standard","has-post-thumbnail","category-comfort-it","category-confort"],"aioseo_notices":[],"aioseo_head":"\n\t\t<!-- All in One SEO 5.0.1.1 - aioseo.com -->\n\t<meta name=\"description\" content=\"Sapete quanto tempo, in media, passate in uno spazio chiuso in un giorno? In media, passiamo l&#039;80% del nostro tempo al chiuso.\" \/>\n\t<meta name=\"robots\" content=\"max-image-preview:large\" \/>\n\t<meta name=\"author\" content=\"Ceren Aiydin\"\/>\n\t<link rel=\"canonical\" href=\"https:\/\/www.airwell.com\/it\/come-migliorare-la-qualita-dellaria-interna\/\" \/>\n\t<meta name=\"generator\" content=\"All in One SEO (AIOSEO) 5.0.1.1\" \/>\n\t\t<meta property=\"og:locale\" content=\"it_IT\" \/>\n\t\t<meta property=\"og:site_name\" content=\"Airwell - Soluzioni di aria condizionata e riscaldamento\" \/>\n\t\t<meta property=\"og:type\" content=\"article\" \/>\n\t\t<meta property=\"og:title\" content=\"Come migliorare la qualit\u00e0 dell\u2019aria interna? - Airwell\" \/>\n\t\t<meta property=\"og:description\" content=\"Sapete quanto tempo, in media, passate in uno spazio chiuso in un giorno? In media, passiamo l&#039;80% del nostro tempo al chiuso.\" \/>\n\t\t<meta property=\"og:url\" content=\"https:\/\/www.airwell.com\/it\/come-migliorare-la-qualita-dellaria-interna\/\" \/>\n\t\t<meta property=\"og:image\" content=\"https:\/\/www.airwell.com\/wp-content\/uploads\/2021\/06\/pexels-tatiana-syrikova-3933091-scaled.jpg\" \/>\n\t\t<meta property=\"og:image:secure_url\" content=\"https:\/\/www.airwell.com\/wp-content\/uploads\/2021\/06\/pexels-tatiana-syrikova-3933091-scaled.jpg\" \/>\n\t\t<meta property=\"og:image:width\" content=\"2560\" \/>\n\t\t<meta property=\"og:image:height\" content=\"1706\" \/>\n\t\t<meta property=\"article:published_time\" content=\"2021-10-25T09:08:30+00:00\" \/>\n\t\t<meta property=\"article:modified_time\" content=\"2021-10-26T08:52:06+00:00\" \/>\n\t\t<meta name=\"twitter:card\" content=\"summary\" \/>\n\t\t<meta name=\"twitter:title\" content=\"Come migliorare la qualit\u00e0 dell\u2019aria interna? - Airwell\" \/>\n\t\t<meta name=\"twitter:description\" content=\"Sapete quanto tempo, in media, passate in uno spazio chiuso in un giorno? In media, passiamo l&#039;80% del nostro tempo al chiuso.\" \/>\n\t\t<meta name=\"twitter:image\" content=\"https:\/\/www.airwell.com\/wp-content\/uploads\/2021\/06\/pexels-tatiana-syrikova-3933091-scaled.jpg\" \/>\n\t\t<script type=\"application\/ld+json\" class=\"aioseo-schema\">\n\t\t\t{\"@context\":\"https:\\\/\\\/schema.org\",\"@graph\":[{\"@type\":\"BlogPosting\",\"@id\":\"https:\\\/\\\/www.airwell.com\\\/it\\\/come-migliorare-la-qualita-dellaria-interna\\\/#blogposting\",\"name\":\"Come migliorare la qualit\\u00e0 dell\\u2019aria interna? - Airwell\",\"headline\":\"Come migliorare la qualit\\u00e0 dell&#8217;aria interna?\",\"author\":{\"@id\":\"https:\\\/\\\/www.airwell.com\\\/it\\\/author\\\/lea\\\/#author\"},\"publisher\":{\"@id\":\"https:\\\/\\\/www.airwell.com\\\/it\\\/#organization\"},\"image\":{\"@type\":\"ImageObject\",\"url\":\"https:\\\/\\\/www.airwell.com\\\/wp-content\\\/uploads\\\/2021\\\/06\\\/pexels-tatiana-syrikova-3933091-scaled.jpg\",\"width\":2560,\"height\":1706,\"caption\":\"p\\u00e8re et fille chambre\"},\"datePublished\":\"2021-10-25T11:08:30+02:00\",\"dateModified\":\"2021-10-26T10:52:06+02:00\",\"inLanguage\":\"it-IT\",\"mainEntityOfPage\":{\"@id\":\"https:\\\/\\\/www.airwell.com\\\/it\\\/come-migliorare-la-qualita-dellaria-interna\\\/#webpage\"},\"isPartOf\":{\"@id\":\"https:\\\/\\\/www.airwell.com\\\/it\\\/come-migliorare-la-qualita-dellaria-interna\\\/#webpage\"},\"articleSection\":\"Comfort, Confort, Opzionale\"},{\"@type\":\"BreadcrumbList\",\"@id\":\"https:\\\/\\\/www.airwell.com\\\/it\\\/come-migliorare-la-qualita-dellaria-interna\\\/#breadcrumblist\",\"itemListElement\":[{\"@type\":\"ListItem\",\"@id\":\"https:\\\/\\\/www.airwell.com\\\/it\\\/#listItem\",\"position\":1,\"name\":\"Accueil\",\"item\":\"https:\\\/\\\/www.airwell.com\\\/it\\\/\",\"nextItem\":{\"@type\":\"ListItem\",\"@id\":\"https:\\\/\\\/www.airwell.com\\\/fr\\\/category\\\/confort\\\/#listItem\",\"name\":\"Confort\"}},{\"@type\":\"ListItem\",\"@id\":\"https:\\\/\\\/www.airwell.com\\\/fr\\\/category\\\/confort\\\/#listItem\",\"position\":2,\"name\":\"Confort\",\"item\":\"https:\\\/\\\/www.airwell.com\\\/fr\\\/category\\\/confort\\\/\",\"nextItem\":{\"@type\":\"ListItem\",\"@id\":\"https:\\\/\\\/www.airwell.com\\\/it\\\/come-migliorare-la-qualita-dellaria-interna\\\/#listItem\",\"name\":\"Come migliorare la qualit\\u00e0 dell&#8217;aria interna?\"},\"previousItem\":{\"@type\":\"ListItem\",\"@id\":\"https:\\\/\\\/www.airwell.com\\\/it\\\/#listItem\",\"name\":\"Accueil\"}},{\"@type\":\"ListItem\",\"@id\":\"https:\\\/\\\/www.airwell.com\\\/it\\\/come-migliorare-la-qualita-dellaria-interna\\\/#listItem\",\"position\":3,\"name\":\"Come migliorare la qualit\\u00e0 dell&#8217;aria interna?\",\"previousItem\":{\"@type\":\"ListItem\",\"@id\":\"https:\\\/\\\/www.airwell.com\\\/fr\\\/category\\\/confort\\\/#listItem\",\"name\":\"Confort\"}}]},{\"@type\":\"Organization\",\"@id\":\"https:\\\/\\\/www.airwell.com\\\/it\\\/#organization\",\"name\":\"Airwell\",\"description\":\"Soluzioni di aria condizionata e riscaldamento\",\"url\":\"https:\\\/\\\/www.airwell.com\\\/it\\\/\",\"telephone\":\"+33176218200\",\"logo\":{\"@type\":\"ImageObject\",\"url\":\"https:\\\/\\\/www.airwell.com\\\/wp-content\\\/uploads\\\/2020\\\/11\\\/Logo_Airwell.svg\",\"@id\":\"https:\\\/\\\/www.airwell.com\\\/it\\\/come-migliorare-la-qualita-dellaria-interna\\\/#organizationLogo\",\"width\":157,\"height\":37},\"image\":{\"@id\":\"https:\\\/\\\/www.airwell.com\\\/it\\\/come-migliorare-la-qualita-dellaria-interna\\\/#organizationLogo\"},\"sameAs\":[\"https:\\\/\\\/www.youtube.com\\\/channel\\\/UCKceazQwwi_h-1vHklDDtWg\",\"https:\\\/\\\/www.linkedin.com\\\/company\\\/airwell\\\/\"]},{\"@type\":\"Person\",\"@id\":\"https:\\\/\\\/www.airwell.com\\\/it\\\/author\\\/lea\\\/#author\",\"url\":\"https:\\\/\\\/www.airwell.com\\\/it\\\/author\\\/lea\\\/\",\"name\":\"Ceren Aiydin\"},{\"@type\":\"WebPage\",\"@id\":\"https:\\\/\\\/www.airwell.com\\\/it\\\/come-migliorare-la-qualita-dellaria-interna\\\/#webpage\",\"url\":\"https:\\\/\\\/www.airwell.com\\\/it\\\/come-migliorare-la-qualita-dellaria-interna\\\/\",\"name\":\"Come migliorare la qualit\\u00e0 dell\\u2019aria interna? - Airwell\",\"description\":\"Sapete quanto tempo, in media, passate in uno spazio chiuso in un giorno? In media, passiamo l'80% del nostro tempo al chiuso.\",\"inLanguage\":\"it-IT\",\"isPartOf\":{\"@id\":\"https:\\\/\\\/www.airwell.com\\\/it\\\/#website\"},\"breadcrumb\":{\"@id\":\"https:\\\/\\\/www.airwell.com\\\/it\\\/come-migliorare-la-qualita-dellaria-interna\\\/#breadcrumblist\"},\"author\":{\"@id\":\"https:\\\/\\\/www.airwell.com\\\/it\\\/author\\\/lea\\\/#author\"},\"creator\":{\"@id\":\"https:\\\/\\\/www.airwell.com\\\/it\\\/author\\\/lea\\\/#author\"},\"image\":{\"@type\":\"ImageObject\",\"url\":\"https:\\\/\\\/www.airwell.com\\\/wp-content\\\/uploads\\\/2021\\\/06\\\/pexels-tatiana-syrikova-3933091-scaled.jpg\",\"@id\":\"https:\\\/\\\/www.airwell.com\\\/it\\\/come-migliorare-la-qualita-dellaria-interna\\\/#mainImage\",\"width\":2560,\"height\":1706,\"caption\":\"p\\u00e8re et fille chambre\"},\"primaryImageOfPage\":{\"@id\":\"https:\\\/\\\/www.airwell.com\\\/it\\\/come-migliorare-la-qualita-dellaria-interna\\\/#mainImage\"},\"datePublished\":\"2021-10-25T11:08:30+02:00\",\"dateModified\":\"2021-10-26T10:52:06+02:00\"},{\"@type\":\"WebSite\",\"@id\":\"https:\\\/\\\/www.airwell.com\\\/it\\\/#website\",\"url\":\"https:\\\/\\\/www.airwell.com\\\/it\\\/\",\"name\":\"Airwell\",\"description\":\"Soluzioni di aria condizionata e riscaldamento\",\"inLanguage\":\"it-IT\",\"publisher\":{\"@id\":\"https:\\\/\\\/www.airwell.com\\\/it\\\/#organization\"}}]}\n\t\t<\/script>\n\t\t<!-- All in One SEO -->\n\n","aioseo_head_json":{"title":"Come migliorare la qualit\u00e0 dell\u2019aria interna? - Airwell","description":"Sapete quanto tempo, in media, passate in uno spazio chiuso in un giorno? In media, passiamo l'80% del nostro tempo al chiuso.","canonical_url":"https:\/\/www.airwell.com\/it\/come-migliorare-la-qualita-dellaria-interna\/","robots":"max-image-preview:large","keywords":"","webmasterTools":{"miscellaneous":""},"schema":{"@context":"https:\/\/schema.org","@graph":[{"@type":"BlogPosting","@id":"https:\/\/www.airwell.com\/it\/come-migliorare-la-qualita-dellaria-interna\/#blogposting","name":"Come migliorare la qualit\u00e0 dell\u2019aria interna? - Airwell","headline":"Come migliorare la qualit\u00e0 dell&#8217;aria interna?","author":{"@id":"https:\/\/www.airwell.com\/it\/author\/lea\/#author"},"publisher":{"@id":"https:\/\/www.airwell.com\/it\/#organization"},"image":{"@type":"ImageObject","url":"https:\/\/www.airwell.com\/wp-content\/uploads\/2021\/06\/pexels-tatiana-syrikova-3933091-scaled.jpg","width":2560,"height":1706,"caption":"p\u00e8re et fille chambre"},"datePublished":"2021-10-25T11:08:30+02:00","dateModified":"2021-10-26T10:52:06+02:00","inLanguage":"it-IT","mainEntityOfPage":{"@id":"https:\/\/www.airwell.com\/it\/come-migliorare-la-qualita-dellaria-interna\/#webpage"},"isPartOf":{"@id":"https:\/\/www.airwell.com\/it\/come-migliorare-la-qualita-dellaria-interna\/#webpage"},"articleSection":"Comfort, Confort, Opzionale"},{"@type":"BreadcrumbList","@id":"https:\/\/www.airwell.com\/it\/come-migliorare-la-qualita-dellaria-interna\/#breadcrumblist","itemListElement":[{"@type":"ListItem","@id":"https:\/\/www.airwell.com\/it\/#listItem","position":1,"name":"Accueil","item":"https:\/\/www.airwell.com\/it\/","nextItem":{"@type":"ListItem","@id":"https:\/\/www.airwell.com\/fr\/category\/confort\/#listItem","name":"Confort"}},{"@type":"ListItem","@id":"https:\/\/www.airwell.com\/fr\/category\/confort\/#listItem","position":2,"name":"Confort","item":"https:\/\/www.airwell.com\/fr\/category\/confort\/","nextItem":{"@type":"ListItem","@id":"https:\/\/www.airwell.com\/it\/come-migliorare-la-qualita-dellaria-interna\/#listItem","name":"Come migliorare la qualit\u00e0 dell&#8217;aria interna?"},"previousItem":{"@type":"ListItem","@id":"https:\/\/www.airwell.com\/it\/#listItem","name":"Accueil"}},{"@type":"ListItem","@id":"https:\/\/www.airwell.com\/it\/come-migliorare-la-qualita-dellaria-interna\/#listItem","position":3,"name":"Come migliorare la qualit\u00e0 dell&#8217;aria interna?","previousItem":{"@type":"ListItem","@id":"https:\/\/www.airwell.com\/fr\/category\/confort\/#listItem","name":"Confort"}}]},{"@type":"Organization","@id":"https:\/\/www.airwell.com\/it\/#organization","name":"Airwell","description":"Soluzioni di aria condizionata e riscaldamento","url":"https:\/\/www.airwell.com\/it\/","telephone":"+33176218200","logo":{"@type":"ImageObject","url":"https:\/\/www.airwell.com\/wp-content\/uploads\/2020\/11\/Logo_Airwell.svg","@id":"https:\/\/www.airwell.com\/it\/come-migliorare-la-qualita-dellaria-interna\/#organizationLogo","width":157,"height":37},"image":{"@id":"https:\/\/www.airwell.com\/it\/come-migliorare-la-qualita-dellaria-interna\/#organizationLogo"},"sameAs":["https:\/\/www.youtube.com\/channel\/UCKceazQwwi_h-1vHklDDtWg","https:\/\/www.linkedin.com\/company\/airwell\/"]},{"@type":"Person","@id":"https:\/\/www.airwell.com\/it\/author\/lea\/#author","url":"https:\/\/www.airwell.com\/it\/author\/lea\/","name":"Ceren Aiydin"},{"@type":"WebPage","@id":"https:\/\/www.airwell.com\/it\/come-migliorare-la-qualita-dellaria-interna\/#webpage","url":"https:\/\/www.airwell.com\/it\/come-migliorare-la-qualita-dellaria-interna\/","name":"Come migliorare la qualit\u00e0 dell\u2019aria interna? - Airwell","description":"Sapete quanto tempo, in media, passate in uno spazio chiuso in un giorno? In media, passiamo l'80% del nostro tempo al chiuso.","inLanguage":"it-IT","isPartOf":{"@id":"https:\/\/www.airwell.com\/it\/#website"},"breadcrumb":{"@id":"https:\/\/www.airwell.com\/it\/come-migliorare-la-qualita-dellaria-interna\/#breadcrumblist"},"author":{"@id":"https:\/\/www.airwell.com\/it\/author\/lea\/#author"},"creator":{"@id":"https:\/\/www.airwell.com\/it\/author\/lea\/#author"},"image":{"@type":"ImageObject","url":"https:\/\/www.airwell.com\/wp-content\/uploads\/2021\/06\/pexels-tatiana-syrikova-3933091-scaled.jpg","@id":"https:\/\/www.airwell.com\/it\/come-migliorare-la-qualita-dellaria-interna\/#mainImage","width":2560,"height":1706,"caption":"p\u00e8re et fille chambre"},"primaryImageOfPage":{"@id":"https:\/\/www.airwell.com\/it\/come-migliorare-la-qualita-dellaria-interna\/#mainImage"},"datePublished":"2021-10-25T11:08:30+02:00","dateModified":"2021-10-26T10:52:06+02:00"},{"@type":"WebSite","@id":"https:\/\/www.airwell.com\/it\/#website","url":"https:\/\/www.airwell.com\/it\/","name":"Airwell","description":"Soluzioni di aria condizionata e riscaldamento","inLanguage":"it-IT","publisher":{"@id":"https:\/\/www.airwell.com\/it\/#organization"}}]},"og:locale":"it_IT","og:site_name":"Airwell - Soluzioni di aria condizionata e riscaldamento","og:type":"article","og:title":"Come migliorare la qualit\u00e0 dell\u2019aria interna? - Airwell","og:description":"Sapete quanto tempo, in media, passate in uno spazio chiuso in un giorno? In media, passiamo l'80% del nostro tempo al chiuso.","og:url":"https:\/\/www.airwell.com\/it\/come-migliorare-la-qualita-dellaria-interna\/","og:image":"https:\/\/www.airwell.com\/wp-content\/uploads\/2021\/06\/pexels-tatiana-syrikova-3933091-scaled.jpg","og:image:secure_url":"https:\/\/www.airwell.com\/wp-content\/uploads\/2021\/06\/pexels-tatiana-syrikova-3933091-scaled.jpg","og:image:width":2560,"og:image:height":1706,"article:published_time":"2021-10-25T09:08:30+00:00","article:modified_time":"2021-10-26T08:52:06+00:00","twitter:card":"summary","twitter:title":"Come migliorare la qualit\u00e0 dell\u2019aria interna? - Airwell","twitter:description":"Sapete quanto tempo, in media, passate in uno spazio chiuso in un giorno? In media, passiamo l'80% del nostro tempo al chiuso.","twitter:image":"https:\/\/www.airwell.com\/wp-content\/uploads\/2021\/06\/pexels-tatiana-syrikova-3933091-scaled.jpg"},"aioseo_meta_data":{"post_id":"16161","title":"#post_title #separator_sa #site_title","description":"#post_excerpt","keywords":[],"keyphrases":{"focus":[],"additional":[]},"primary_term":null,"canonical_url":null,"og_title":null,"og_description":null,"og_object_type":"default","og_image_type":"default","og_image_url":null,"og_image_width":null,"og_image_height":null,"og_image_custom_url":null,"og_image_custom_fields":null,"og_video":"","og_custom_url":null,"og_article_section":null,"og_article_tags":[],"twitter_use_og":false,"twitter_card":"default","twitter_image_type":"default","twitter_image_url":null,"twitter_image_custom_url":null,"twitter_image_custom_fields":null,"twitter_title":null,"twitter_description":null,"schema":{"blockGraphs":[],"customGraphs":[],"default":{"data":{"Article":{"id":"#aioseo-article-63f3300c58fb4","slug":"article","graphName":"Article","label":"Article","properties":{"type":"BlogPosting","name":"#post_title","headline":"#post_title","description":"#post_excerpt","image":"","keywords":"","author":{"name":"#author_name","url":"#author_url"},"dates":{"include":true,"datePublished":"","dateModified":""}}},"Course":[],"Dataset":[],"FAQPage":[],"Movie":[],"Person":[],"Product":[],"ProductReview":[],"Car":[],"Recipe":[],"Service":[],"SoftwareApplication":[],"WebPage":[]},"graphName":"Article","isEnabled":true},"graphs":[]},"schema_type":"default","schema_type_options":"{\"article\":{\"articleType\":\"BlogPosting\"},\"course\":{\"name\":\"\",\"description\":\"\",\"provider\":\"\"},\"faq\":{\"pages\":[]},\"product\":{\"reviews\":[]},\"recipe\":{\"ingredients\":[],\"instructions\":[],\"keywords\":[]},\"software\":{\"reviews\":[],\"operatingSystems\":[]},\"webPage\":{\"webPageType\":\"WebPage\"}}","pillar_content":false,"robots_default":true,"robots_noindex":false,"robots_noarchive":false,"robots_nosnippet":false,"robots_nofollow":false,"robots_noimageindex":false,"robots_noodp":false,"robots_notranslate":false,"robots_max_snippet":"-1","robots_max_videopreview":"-1","robots_max_imagepreview":"large","priority":null,"frequency":"default","local_seo":{"businessInfo":{"name":"","urls":{"website":"","aboutPage":"","contactPage":""},"address":{"line1":"","line2":"","zip":"","city":"","state":"","country":""},"contact":{"email":"","phone":"","fax":""},"ids":{"vatID":"","taxID":"","chamberID":""},"payment":{"priceIndication":"","currenciesAccepted":"","methodsAccepted":""},"areaServed":""},"openingHours":{"show":false,"closedLabel":"","open24h":false,"open24hLabel":"","open247":false,"use24hFormat":false,"twoSets":false,"timezone":"","hours":[]}},"breadcrumb_settings":null,"limit_modified_date":false,"ai":null,"created":"2021-10-25 09:08:33","updated":"2025-06-04 14:43:33","seo_analyzer_scan_date":null,"focus_keyword":null,"additional_keywords":null,"truseo_locale":null},"featured_image_src":"https:\/\/www.airwell.com\/wp-content\/uploads\/2021\/06\/pexels-tatiana-syrikova-3933091-scaled.jpg","author_info":{"display_name":"Ceren Aiydin","author_link":"https:\/\/www.airwell.com\/it\/author\/lea\/"},"_links":{"self":[{"href":"https:\/\/www.airwell.com\/it\/wp-json\/wp\/v2\/posts\/16161","targetHints":{"allow":["GET"]}}],"collection":[{"href":"https:\/\/www.airwell.com\/it\/wp-json\/wp\/v2\/posts"}],"about":[{"href":"https:\/\/www.airwell.com\/it\/wp-json\/wp\/v2\/types\/post"}],"author":[{"embeddable":true,"href":"https:\/\/www.airwell.com\/it\/wp-json\/wp\/v2\/users\/10"}],"replies":[{"embeddable":true,"href":"https:\/\/www.airwell.com\/it\/wp-json\/wp\/v2\/comments?post=16161"}],"version-history":[{"count":5,"href":"https:\/\/www.airwell.com\/it\/wp-json\/wp\/v2\/posts\/16161\/revisions"}],"predecessor-version":[{"id":16187,"href":"https:\/\/www.airwell.com\/it\/wp-json\/wp\/v2\/posts\/16161\/revisions\/16187"}],"wp:featuredmedia":[{"embeddable":true,"href":"https:\/\/www.airwell.com\/it\/wp-json\/wp\/v2\/media\/15478"}],"wp:attachment":[{"href":"https:\/\/www.airwell.com\/it\/wp-json\/wp\/v2\/media?parent=16161"}],"wp:term":[{"taxonomy":"category","embeddable":true,"href":"https:\/\/www.airwell.com\/it\/wp-json\/wp\/v2\/categories?post=16161"},{"taxonomy":"post_tag","embeddable":true,"href":"https:\/\/www.airwell.com\/it\/wp-json\/wp\/v2\/tags?post=16161"}],"curies":[{"name":"wp","href":"https:\/\/api.w.org\/{rel}","templated":true}]}}